{"id":3109,"date":"2026-03-16T13:10:27","date_gmt":"2026-03-16T10:10:27","guid":{"rendered":"https:\/\/ekonomievreni.com\/?p=3109"},"modified":"2026-03-16T13:10:28","modified_gmt":"2026-03-16T10:10:28","slug":"nevsehirli-okcular-turkiye-ucuncusu-oldu","status":"publish","type":"post","link":"https:\/\/ekonomievreni.com\/?p=3109","title":{"rendered":"Nev\u015fehirli Ok\u00e7ular T\u00fcrkiye \u00dc\u00e7\u00fcnc\u00fcs\u00fc Oldu"},"content":{"rendered":"\n<p class=\"MsoNoSpacing\"><span style=\"font-size:11pt\"><span style=\"font-family:Calibri,sans-serif\"><span class=\"MsoSubtleEmphasis\" style=\"color:gray\"><span style=\"font-style:italic\"><span style=\"font-size:14.0pt\">T\u00fcrkiye Ok\u00e7uluk Federasyonu taraf\u0131ndan Antalya\u2019da d\u00fczenlenen Makaral\u0131 Yay U-21 Erkekler Kategorisi m\u00fcsabakalar\u0131nda Nev\u015fehir Belediyesi sporcular\u0131 \u00f6nemli dereceler elde etti. <\/span><\/span><\/span><\/span><\/span><\/p>\n<p class=\"MsoNoSpacing\"><span style=\"font-size:11pt\"><span style=\"font-family:Calibri,sans-serif\"><span class=\"MsoSubtleEmphasis\" style=\"color:gray\"><span style=\"font-style:italic\"><span style=\"font-size:14.0pt\">Nev\u015fehir Belediyesi Spor Kul\u00fcb\u00fc Ok\u00e7ular\u0131 tak\u0131m halinde Bronz madalya ile d\u00f6nerek b\u00fcy\u00fck bir ba\u015far\u0131ya imza att\u0131.<\/span><\/span><\/span><\/span><\/span><\/p>\n<p class=\"MsoNoSpacing\"><span style=\"font-size:11pt\"><span style=\"font-family:Calibri,sans-serif\"><span class=\"MsoSubtleEmphasis\" style=\"color:gray\"><span style=\"font-style:italic\"><span style=\"font-size:14.0pt\">T\u00fcrkiye Ok\u00e7uluk Federasyonu 2026 y\u0131l\u0131 faaliyet program\u0131nda yer alan 18 Mart \u015eehitleri T\u00fcrkiye Kupas\u0131 yar\u0131\u015fmas\u0131 11-15 Mart tarihleri aras\u0131nda Antalya\u2019da d\u00fczenlendi. <\/span><\/span><\/span><\/span><\/span><\/p>\n<p class=\"MsoNoSpacing\"><span style=\"font-size:11pt\"><span style=\"font-family:Calibri,sans-serif\"><span class=\"MsoSubtleEmphasis\" style=\"color:gray\"><span style=\"font-style:italic\"><span style=\"font-size:14.0pt\">Nev\u015fehir Belediyesi Spor Kul\u00fcb\u00fc sporcular\u0131m\u0131z Bekir \u00c7illi, Doruk Aras Feralan ve Mehmet Burak \u00c7etin\u2019den olu\u015fan ok\u00e7uluk tak\u0131m\u0131m\u0131z makaral\u0131 yay U-21 erkekler kategorisinde T\u00fcrkiye 3.s\u00fc oldu. <\/span><\/span><\/span><\/span><\/span><\/p>\n<p class=\"MsoNoSpacing\"><span style=\"font-size:11pt\"><span style=\"font-family:Calibri,sans-serif\"><span class=\"MsoSubtleEmphasis\" style=\"color:gray\"><span style=\"font-style:italic\"><span style=\"font-size:14.0pt\">T\u00fcrkiye \u00dc\u00e7\u00fcnc\u00fcs\u00fc olan Nev\u015fehir Belediyesi SK ok\u00e7ular\u0131n\u0131 ve antren\u00f6rlerini tebrik eden Ba\u015fkan Ar\u0131 \u201cNev\u015fehir\u2019imizi ulusal ve uluslararas\u0131 turnuvalarda ba\u015far\u0131yla temsil eden, azimleriyle bizleri gururland\u0131ran t\u00fcm sporcular\u0131m\u0131z\u0131 ve antren\u00f6r\u00fcm\u00fcz\u00fc y\u00fcrekten kutluyorum. Antalya\u2019dan T\u00fcrkiye 3.s\u00fc olarak d\u00f6nen ok\u00e7ular\u0131m\u0131z bizleri ve Nev\u015fehir\u2019i gururland\u0131rd\u0131lar. Bu \u00fcst\u00fcn ba\u015far\u0131lar, hem bizleri gururland\u0131r\u0131yor hem de di\u011fer gen\u00e7lere ilham veriyor. Nev\u015fehir Belediyesi olarak spora ve sporcular\u0131m\u0131za destek vermeye devam edece\u011fiz\u201d dedi.<\/span><\/span><\/span><\/span><\/span><\/p>\n<p class=\"MsoNoSpacing\">\u00a0<\/p>\n<p class=\"MsoNoSpacing\">\u00a0<\/p>\n<p>Kaynak: (BYZHA) Beyaz Haber Ajans\u0131<\/p>\n","protected":false},"excerpt":{"rendered":"<p>T\u00fcrkiye Ok\u00e7uluk Federasyonu taraf\u0131ndan Antalya\u2019da d\u00fczenlenen Makaral\u0131 Yay U-21 Erkekler Kategorisi m\u00fcsabakalar\u0131nda Nev\u015fehir Belediyesi sporcular\u0131 \u00f6nemli dereceler elde etti.<\/p>\n","protected":false},"author":1,"featured_media":3110,"comment_status":"open","ping_status":"open","sticky":false,"template":"","format":"standard","meta":{"footnotes":""},"categories":[33],"tags":[],"class_list":["post-3109","post","type-post","status-publish","format-standard","has-post-thumbnail","hentry","category-spor"],"_links":{"self":[{"href":"https:\/\/ekonomievreni.com\/index.php?rest_route=\/wp\/v2\/posts\/3109","targetHints":{"allow":["GET"]}}],"collection":[{"href":"https:\/\/ekonomievreni.com\/index.php?rest_route=\/wp\/v2\/posts"}],"about":[{"href":"https:\/\/ekonomievreni.com\/index.php?rest_route=\/wp\/v2\/types\/post"}],"author":[{"embeddable":true,"href":"https:\/\/ekonomievreni.com\/index.php?rest_route=\/wp\/v2\/users\/1"}],"replies":[{"embeddable":true,"href":"https:\/\/ekonomievreni.com\/index.php?rest_route=%2Fwp%2Fv2%2Fcomments&post=3109"}],"version-history":[{"count":1,"href":"https:\/\/ekonomievreni.com\/index.php?rest_route=\/wp\/v2\/posts\/3109\/revisions"}],"predecessor-version":[{"id":3111,"href":"https:\/\/ekonomievreni.com\/index.php?rest_route=\/wp\/v2\/posts\/3109\/revisions\/3111"}],"wp:featuredmedia":[{"embeddable":true,"href":"https:\/\/ekonomievreni.com\/index.php?rest_route=\/wp\/v2\/media\/3110"}],"wp:attachment":[{"href":"https:\/\/ekonomievreni.com\/index.php?rest_route=%2Fwp%2Fv2%2Fmedia&parent=3109"}],"wp:term":[{"taxonomy":"category","embeddable":true,"href":"https:\/\/ekonomievreni.com\/index.php?rest_route=%2Fwp%2Fv2%2Fcategories&post=3109"},{"taxonomy":"post_tag","embeddable":true,"href":"https:\/\/ekonomievreni.com\/index.php?rest_route=%2Fwp%2Fv2%2Ftags&post=3109"}],"curies":[{"name":"wp","href":"https:\/\/api.w.org\/{rel}","templated":true}]}}