{"id":3106,"date":"2026-03-16T13:10:20","date_gmt":"2026-03-16T10:10:20","guid":{"rendered":"https:\/\/ekonomievreni.com\/?p=3106"},"modified":"2026-03-16T13:10:21","modified_gmt":"2026-03-16T10:10:21","slug":"baskan-altay-dar-gelirli-ve-yeni-bebek-sahibi-olan-ailelerimize-12-ay-boyunca-aylik-2-bin-lira-destek-verecegiz","status":"publish","type":"post","link":"https:\/\/ekonomievreni.com\/?p=3106","title":{"rendered":"Ba\u015fkan Altay: \u201cDar Gelirli ve Yeni Bebek Sahibi Olan Ailelerimize 12 Ay Boyunca Ayl\u0131k 2 Bin Lira Destek Verece\u011fiz\u201d"},"content":{"rendered":"\n<p data-asw-org-font-size=\"14\"><strong>Konya B\u00fcy\u00fck\u015fehir Belediyesi, dar gelirli ve yeni bebek sahibi olan ailelere y\u00f6nelik \u00f6nemli sosyal destek programlar\u0131n\u0131 hayata ge\u00e7iriyor. Konya B\u00fcy\u00fck\u015fehir Belediye Ba\u015fkan\u0131 U\u011fur \u0130brahim Altay, \u201cKonya\u2019m\u0131z\u0131n 31 il\u00e7esinde ikamet eden, dar gelirli ve yeni bebek sahibi olan ailelerimize 12 ay boyunca ayl\u0131k 2 bin lira destek verece\u011fiz. Buna ilave olarak; 28 il\u00e7emizde yeni bebek sahibi olacak ailelerimize, i\u00e7erisinde temel ihtiya\u00e7 malzemelerinin bulundu\u011fu destek \u00e7antalar\u0131n\u0131 ula\u015ft\u0131raca\u011f\u0131z. Hay\u0131rl\u0131 olsun\u201d dedi.<\/strong><\/p>\n<hr \/>\n<p data-asw-org-font-size=\"14\">Konya B\u00fcy\u00fck\u015fehir Belediyesi, T\u00fcrkiye\u2019ye \u00f6rnek sosyal destek \u00e7al\u0131\u015fmalar\u0131n\u0131 g\u00fc\u00e7l\u00fc bir \u015fekilde hayata ge\u00e7irmeye devam ediyor.<\/p>\n<p data-asw-org-font-size=\"14\">Konya B\u00fcy\u00fck\u015fehir Belediye Ba\u015fkan\u0131 U\u011fur \u0130brahim Altay, yuvaya bir can\u0131n kat\u0131ld\u0131\u011f\u0131 ilk anda ailelere destek olman\u0131n b\u00fcy\u00fck \u00f6nem ta\u015f\u0131d\u0131\u011f\u0131n\u0131 belirterek, bu kapsamda \u00e7e\u015fitli projelere imza att\u0131klar\u0131n\u0131 s\u00f6yledi.<\/p>\n<p data-asw-org-font-size=\"14\">Gen\u00e7lerin yuva kurma heyecan\u0131nda yanlar\u0131nda olman\u0131n \u00f6nemine dikkati \u00e7eken Ba\u015fkan Altay, \u201cBu anlay\u0131\u015fla, yeni bebek sahibi olacak ailelerimiz i\u00e7in, onlar\u0131n bu \u00f6zel d\u00f6nemine destek olacak yeni bir program ba\u015flat\u0131yoruz. Konya\u2019m\u0131z\u0131n 31 il\u00e7esinde ikamet eden, dar gelirli ve yeni bebek sahibi olan ailelerimize 12 ay boyunca ayl\u0131k 2 bin lira destek verece\u011fiz. Bu destekle; bebeklerin sa\u011fl\u0131kl\u0131 geli\u015fimini desteklemeyi ve aile b\u00fct\u00e7esinin \u00fczerindeki y\u00fck\u00fc hafifletmeyi ama\u00e7l\u0131yoruz\u201d ifadelerini kulland\u0131.<\/p>\n<p data-asw-org-font-size=\"14\">Ba\u015fkan Altay, buna ilave olarak yak\u0131nda ebeveyn olacak ailelere y\u00f6nelik ek bir destek program\u0131 daha haz\u0131rlad\u0131klar\u0131n\u0131 aktararak, \u201cS\u00f6z konusu program kapsam\u0131nda; 28 il\u00e7emizde ve mahallelerimizde, yeni bebek sahibi olacak ailelerimize, i\u00e7erisinde temel ihtiya\u00e7 malzemelerinin bulundu\u011fu destek \u00e7antalar\u0131n\u0131 ula\u015ft\u0131raca\u011f\u0131z. Yakla\u015f\u0131k 12 bin ailemize ula\u015fmay\u0131 hedefledi\u011fimiz bu proje kapsam\u0131nda da bebeklerimizin ve annelerimizin ilk d\u00f6nem ihtiya\u00e7lar\u0131n\u0131 kar\u015f\u0131larken hem ailelerimize destek olacak hem de dayan\u0131\u015fma k\u00fclt\u00fcr\u00fcm\u00fcz\u00fc g\u00fc\u00e7lendirece\u011fiz. Hay\u0131rl\u0131 olsun\u201d diye konu\u015ftu.<\/p>\n<p data-asw-org-font-size=\"14\">Destek programlar\u0131yla ilgili detayl\u0131 bilgiye ve ba\u015fvuru i\u015flemlerine \u201cailetoplum.konya.bel.tr\u201d adresinden ula\u015f\u0131labiliyor.<\/p>\n<p data-asw-org-font-size=\"14\">\u00a0<\/p>\n<p>Kaynak: (BYZHA) Beyaz Haber Ajans\u0131<\/p>\n","protected":false},"excerpt":{"rendered":"<p>Konya B\u00fcy\u00fck\u015fehir Belediyesi, dar gelirli ve yeni bebek sahibi olan ailelere y\u00f6nelik \u00f6nemli sosyal destek programlar\u0131n\u0131 hayata ge\u00e7iriyor.<\/p>\n","protected":false},"author":1,"featured_media":3107,"comment_status":"open","ping_status":"open","sticky":false,"template":"","format":"standard","meta":{"footnotes":""},"categories":[30],"tags":[],"class_list":["post-3106","post","type-post","status-publish","format-standard","has-post-thumbnail","hentry","category-ekonomi"],"_links":{"self":[{"href":"https:\/\/ekonomievreni.com\/index.php?rest_route=\/wp\/v2\/posts\/3106","targetHints":{"allow":["GET"]}}],"collection":[{"href":"https:\/\/ekonomievreni.com\/index.php?rest_route=\/wp\/v2\/posts"}],"about":[{"href":"https:\/\/ekonomievreni.com\/index.php?rest_route=\/wp\/v2\/types\/post"}],"author":[{"embeddable":true,"href":"https:\/\/ekonomievreni.com\/index.php?rest_route=\/wp\/v2\/users\/1"}],"replies":[{"embeddable":true,"href":"https:\/\/ekonomievreni.com\/index.php?rest_route=%2Fwp%2Fv2%2Fcomments&post=3106"}],"version-history":[{"count":1,"href":"https:\/\/ekonomievreni.com\/index.php?rest_route=\/wp\/v2\/posts\/3106\/revisions"}],"predecessor-version":[{"id":3108,"href":"https:\/\/ekonomievreni.com\/index.php?rest_route=\/wp\/v2\/posts\/3106\/revisions\/3108"}],"wp:featuredmedia":[{"embeddable":true,"href":"https:\/\/ekonomievreni.com\/index.php?rest_route=\/wp\/v2\/media\/3107"}],"wp:attachment":[{"href":"https:\/\/ekonomievreni.com\/index.php?rest_route=%2Fwp%2Fv2%2Fmedia&parent=3106"}],"wp:term":[{"taxonomy":"category","embeddable":true,"href":"https:\/\/ekonomievreni.com\/index.php?rest_route=%2Fwp%2Fv2%2Fcategories&post=3106"},{"taxonomy":"post_tag","embeddable":true,"href":"https:\/\/ekonomievreni.com\/index.php?rest_route=%2Fwp%2Fv2%2Ftags&post=3106"}],"curies":[{"name":"wp","href":"https:\/\/api.w.org\/{rel}","templated":true}]}}