{"id":3082,"date":"2026-03-16T12:20:28","date_gmt":"2026-03-16T09:20:28","guid":{"rendered":"https:\/\/ekonomievreni.com\/?p=3082"},"modified":"2026-03-16T12:20:29","modified_gmt":"2026-03-16T09:20:29","slug":"tek-ameliyatla-uc-mesafede-net-gorus","status":"publish","type":"post","link":"https:\/\/ekonomievreni.com\/?p=3082","title":{"rendered":"Tek ameliyatla \u00fc\u00e7 mesafede net g\u00f6r\u00fc\u015f!"},"content":{"rendered":"<p> G\u00f6z sa\u011fl\u0131\u011f\u0131 alan\u0131nda ya\u015fanan teknolojik geli\u015fmeler g\u00f6rme kusurlar\u0131n\u0131n tedavisinde \u00f6nemli kolayl\u0131klar sa\u011fl\u0131yor. Bunlar\u0131n ba\u015f\u0131nda ise halk aras\u0131nda \u201cak\u0131ll\u0131 mercek\u201d olarak bilinen \u201cpremium g\u00f6z i\u00e7i lensleri\u201d geliyor. \u00a0Tek odakl\u0131 lensler sadece bir mesafeye netlik sa\u011flarken, ak\u0131ll\u0131 mercekler; yak\u0131n, orta ve uzak mesafelerin tamam\u0131nda net g\u00f6r\u00fc\u015f imkan\u0131 sunabiliyor.\u00a0<strong>Ac\u0131badem \u00dcniversitesi Atakent Hastanesi G\u00f6z Hastal\u0131klar\u0131 Uzman\u0131 Do\u00e7. Dr. \u00d6zge Beg\u00fcm Comba,\u00a0<\/strong>\u00a0bu sayede g\u00f6zl\u00fck ihtiyac\u0131n\u0131n b\u00fcy\u00fck \u00f6l\u00e7\u00fcde azald\u0131\u011f\u0131n\u0131 belirterek, \u201cPremium g\u00f6z i\u00e7i lensi teknolojisi son y\u0131llarda\u00a0optik tasar\u0131m ve materyal teknolojisi gibi \u00f6nemli geli\u015fmeler\u00a0kaydetmi\u015f ve bu sayede hastalar\u0131n ya\u015fam kalitesini belirgin \u015fekilde art\u0131rm\u0131\u015ft\u0131r\u201d diyor.\u00a0<strong>Do\u00e7.<\/strong>\u00a0<strong>Dr. \u00d6zge Beg\u00fcm Comba,\u00a0<\/strong>ancak bu teknolojinin ba\u015far\u0131s\u0131n\u0131n, \u00a0do\u011fru hasta se\u00e7imi, detayl\u0131 preoperatif de\u011ferlendirme ve ger\u00e7ek\u00e7i beklenti y\u00f6netimiyle do\u011frudan ili\u015fkili oldu\u011funu vurgulayarak, \u201cHer hastan\u0131n ok\u00fcler yap\u0131s\u0131, g\u00f6rsel ihtiya\u00e7lar\u0131 ve adaptasyon kapasitesi farkl\u0131d\u0131r. Bu nedenle, ameliyat \u00f6ncesi oftalmolo\u011funuzla detayl\u0131 g\u00f6r\u00fc\u015fmeniz, t\u00fcm olas\u0131 sonu\u00e7lar\u0131 de\u011ferlendirmeniz ve size en uygun tedavi plan\u0131n\u0131 birlikte belirlemeniz \u00f6nem ta\u015f\u0131maktad\u0131r\u201d diyor.\u00a0<strong>G\u00f6z Hastal\u0131klar\u0131 Uzman\u0131 Do\u00e7. Dr. \u00d6zge Beg\u00fcm Comba,<\/strong>\u00a0ak\u0131ll\u0131 mercek hakk\u0131nda en s\u0131k y\u00f6neltilen 10 soruyu anlatt\u0131; \u00f6nemli \u00f6neriler ve uyar\u0131larda bulundu.\u00a0<\/p>\n<p><strong>Ak\u0131ll\u0131 merceklere hangi durumlarda ba\u015fvuruluyor?<\/strong><\/p>\n<p>G\u00f6z\u00fcm\u00fcz\u00fcn do\u011fal lensinin yerine yerle\u015ftirilen ve birden fazla odak noktas\u0131na sahip olan g\u00f6z i\u00e7i lensi \u201cak\u0131ll\u0131 mercek\u201d olarak adland\u0131r\u0131l\u0131yor. Ak\u0131ll\u0131 mercekler, a\u011f\u0131rl\u0131kl\u0131 olarak \u00a040 ya\u015f \u00fczerindeki hastalarda g\u00f6zl\u00fck ba\u011f\u0131ml\u0131l\u0131\u011f\u0131n\u0131 azaltmak amac\u0131yla tercih ediliyor. Katarakt, refraksiyon (k\u0131rma) kusuru ve presbiyopi (ya\u015fa ba\u011fl\u0131 yak\u0131n g\u00f6rme kusuru) \u015fikayeti olan ki\u015filer bu uygulamadan en fazla fayda g\u00f6ren grubu olu\u015fturuyor. Do\u00e7. Dr. \u00d6zge Beg\u00fcm Comba, ak\u0131ll\u0131 lenslerin \u00f6zellikle hem uzak hem yak\u0131n g\u00f6r\u00fc\u015f problemini birlikte \u00e7\u00f6zmek isteyen ki\u015filer i\u00e7in ideal bir tedavi se\u00e7ene\u011fi oldu\u011funu ifade ediyor.\u00a0<\/p>\n<p><strong>Her hasta i\u00e7in uygun mudur?\u00a0<\/strong><\/p>\n<p>Do\u00e7. Dr. \u00d6zge Beg\u00fcm Comba, ak\u0131ll\u0131 merceklerin her hasta i\u00e7in uygun olmad\u0131\u011f\u0131n\u0131 belirterek, \u201c\u00d6ncelikle g\u00f6z\u00fcn anatomik olarak bu lenslere uygun olmas\u0131 gerekir; \u00f6n kamara derinli\u011finin yeterli olmas\u0131, g\u00f6z bebe\u011fi \u00e7ap\u0131n\u0131n ideal aral\u0131kta bulunmas\u0131 ve kornea endotel h\u00fccre say\u0131s\u0131n\u0131n normal s\u0131n\u0131rlarda olmas\u0131 \u015fartt\u0131r.\u00a0Ayr\u0131ca, retina hastal\u0131klar\u0131 gibi progresif ok\u00fcler bir hastal\u0131\u011fa sahip olan ki\u015filer de\u00a0bu lenslerden tam verim alamayabilir, \u00e7\u00fcnk\u00fc g\u00f6z sa\u011fl\u0131kl\u0131 olmal\u0131 ki lens performans\u0131n\u0131 g\u00f6sterebilsin\u201d diyor. Do\u00e7. Dr. \u00d6zge Beg\u00fcm Comba, \u00f6zellikle profesyonel s\u00fcr\u00fcc\u00fcler, hassas el i\u015fi gerektiren mesleklerde \u00e7al\u0131\u015fanlar veya y\u00fcksek kontrast gerektiren i\u015flerde aktif olarak g\u00f6rev yapan ki\u015filer i\u00e7in \u00f6zel de\u011ferlendirme yap\u0131ld\u0131\u011f\u0131n\u0131 vurgulayarak, \u201cDetayl\u0131 oftalmolojik muayene, biyometrik \u00f6l\u00e7\u00fcmler ve hasta beklentilerinin ger\u00e7ek\u00e7i bir \u015fekilde de\u011ferlendirilmesi ba\u015far\u0131l\u0131 sonu\u00e7 i\u00e7in son derece \u00f6nemlidir\u201d diye konu\u015fuyor.\u00a0<\/p>\n<p><strong>Ak\u0131ll\u0131 mercek ameliyat\u0131 nas\u0131l ger\u00e7ekle\u015ftiriliyor?\u00a0<\/strong><\/p>\n<p>Operasyon topikal anestezi alt\u0131nda ger\u00e7ekle\u015ftiriliyor. G\u00f6ze 2-3 mm&#8217;lik minimal bir giri\u015f yap\u0131l\u0131yor ve ultrasonik titre\u015fimler yard\u0131m\u0131yla do\u011fal lens k\u00fc\u00e7\u00fck par\u00e7alara ayr\u0131l\u0131p, d\u0131\u015far\u0131 al\u0131n\u0131yor. Ard\u0131ndan yerine katlanabilir ak\u0131ll\u0131 mercek yerle\u015ftiriliyor. Operasyonun ortalama 15-20 dakika s\u00fcrd\u00fc\u011f\u00fcn\u00fc s\u00f6yleyen G\u00f6z Hastal\u0131klar\u0131 Uzman\u0131 Do\u00e7. Dr. \u00d6zge Beg\u00fcm Comba, \u201cHastalar\u0131m\u0131z ertesi g\u00fcn hafif aktivitelerine ba\u015flayabilirler. Ancak ilk bir hafta a\u011f\u0131r fiziksel aktivitelerden ve kontakt sporlardan ka\u00e7\u0131nmalar\u0131n\u0131 \u00f6neriyoruz\u201d diyor.\u00a0<\/p>\n<p><strong>Ameliyat sonras\u0131nda net g\u00f6r\u00fc\u015f ne zaman sa\u011flanabiliyor?<\/strong><\/p>\n<p>Ameliyat sonras\u0131ndaki ilk g\u00fcnlerde hafif bulan\u0131kl\u0131k normaldir. Net g\u00f6r\u00fc\u015f genellikle 1-2 hafta i\u00e7inde ba\u015fl\u0131yor, ancak tam n\u00f6roadaptasyon, yani beynin farkl\u0131 odak noktalar\u0131ndan gelen g\u00f6r\u00fcnt\u00fclere uyum sa\u011flama s\u00fcreci 2-3 ay s\u00fcrebiliyor. Bu s\u00fcre\u00e7te beyin farkl\u0131 odak noktalar\u0131ndan gelen g\u00f6r\u00fcnt\u00fcleri i\u015flemeyi \u00f6\u011frenir.<\/p>\n<p><strong>Ameliyat\u0131n ard\u0131ndan gece \u0131\u015f\u0131k sa\u00e7\u0131lmas\u0131 g\u00f6r\u00fcl\u00fcr m\u00fc?<\/strong><\/p>\n<p>\u00d6zellikle erken postoperatif, yani\u00a0ameliyat sonras\u0131ndaki ilk haftalarda<strong>\u00a0<\/strong>\u00a0haleler g\u00f6r\u00fclmesi, gece ara\u00e7 farlar\u0131nda \u0131\u015f\u0131k sa\u00e7\u0131lmas\u0131 ve kontrast hassasiyetinde azalma ya\u015fanabiliyor. Bu sorunlar zamanla azal\u0131yor ve \u00e7o\u011fu hasta birka\u00e7 hafta ile birka\u00e7 ay aras\u0131nda ge\u00e7en n\u00f6roadaptasyon s\u00fcrecinde (Multifokal optik sistemlerden kaynaklanan \u00e7oklu retinal g\u00f6r\u00fcnt\u00fclerin santral siniri sistemi taraf\u0131ndan i\u015flenerek fonksiyonel g\u00f6rmeye adapte edilmesi s\u00fcreci) \u00a0bu duruma al\u0131\u015f\u0131yor. Do\u00e7. Dr. \u00d6zge Beg\u00fcm Comba,<strong>\u00a0<\/strong>\u201cMesle\u011fi gere\u011fi yo\u011fun gece s\u00fcr\u00fc\u015f\u00fc yapan hastalar\u0131m\u0131z\u0131 ameliyat \u00f6ncesi bu konuda mutlaka bilgilendiriyoruz\u201d diyor.\u00a0<\/p>\n<p><strong>Ameliyat\u0131n riskleri var m\u0131d\u0131r?<\/strong><\/p>\n<p>Her g\u00f6z i\u00e7i cerrahisinde oldu\u011fu gibi bu prosed\u00fcr\u00fcn de riskleri bulunuyor. Endoftalmi (g\u00f6z i\u00e7i enfeksiyon) kanama ve retina dekolman\u0131 gibi ciddi komplikasyonlar nadiren g\u00f6r\u00fcl\u00fcyor. Do\u00e7. Dr. \u00d6zge Beg\u00fcm Comba, \u201cLensin yerinden hafif\u00e7e kaymas\u0131, lens kaps\u00fcl\u00fcn\u00fcn zamanla bulan\u0131kla\u015fmas\u0131 veya ameliyat sonras\u0131 ge\u00e7ici g\u00f6z tansiyonu y\u00fckselmesi daha s\u0131k kar\u015f\u0131la\u015f\u0131lan durumlard\u0131r. Deneyimli bir cerrah ve uygun hasta se\u00e7imi bu riskleri minimize eder\u201d diye konu\u015fuyor.\u00a0<\/p>\n<p><strong>Ak\u0131ll\u0131 mercekler g\u00f6zl\u00fckten tamamen kurtulmay\u0131 sa\u011flar m\u0131? \u00a0<\/strong><\/p>\n<p>Ak\u0131ll\u0131 mercek sonras\u0131nda hastalar\u0131n yakla\u015f\u0131k y\u00fczde 80-90&#8217;\u0131 g\u00fcnl\u00fck aktivitelerini g\u00f6zl\u00fcks\u00fcz s\u00fcrd\u00fcrebiliyor. Ancak baz\u0131 durumlarda, \u00f6zellikle \u00e7ok k\u00fc\u00e7\u00fck punto okumalar\u0131nda veya uzun s\u00fcreli bilgisayar kullan\u0131m\u0131nda d\u00fc\u015f\u00fck numaral\u0131 g\u00f6zl\u00fck ihtiyac\u0131 olabiliyor.\u00a0<\/p>\n<p><strong>\u00a0Ameliyat sonras\u0131 elde edilen net g\u00f6r\u00fc\u015f kal\u0131c\u0131 m\u0131d\u0131r?<\/strong><\/p>\n<p>Do\u00e7. Dr. \u00d6zge Beg\u00fcm Comba, implante edilen merce\u011fin \u00f6m\u00fcr boyu kal\u0131c\u0131 oldu\u011funu ve materyalinin bozulmad\u0131\u011f\u0131n\u0131 ifade ederek, s\u00f6zlerine \u015f\u00f6yle devam ediyor: \u201cAncak baz\u0131 hastalarda ameliyattan aylar veya y\u0131llar sonra arka kaps\u00fcl\u00a0opasifikasyonu, yani halk aras\u0131nda \u2018ikincil katarakt\u2019 \u00a0 olarak \u00a0bilinen durum\u00a0geli\u015febilir. Bu tablo Nd:YAG lazer y\u00f6ntemiyle basit ve etkili \u015fekilde tedavi edilebilir.\u201d\u00a0<\/p>\n<p><strong>Ameliyat sonras\u0131nda nelere dikkat edilmeli?<\/strong><\/p>\n<p>Ameliyat sonras\u0131nda ilk hafta hafif aktiviteler ve ev i\u00e7i i\u015fleri sorun olu\u015fturmuyor. \u00a0Ancak, a\u015fa\u011f\u0131da yer alan kurallara dikkat etmeniz \u00f6nem ta\u015f\u0131yor.\u00a0<\/p>\n<ul>\n<li>G\u00f6zlerinize travmadan ka\u00e7\u0131n\u0131n\u00a0<\/li>\n<li>Havuz ve deniz gibi enfeksiyon riski ta\u015f\u0131yan ortamlardan uzak durun<\/li>\n<li>Re\u00e7ete edilen topikal ila\u00e7lar\u0131 d\u00fczenli kullan\u0131n<\/li>\n<li>Makyaj ve kozmetik \u00fcr\u00fcnleri 2 hafta, kontakt sporlar\u0131 en az bir ay erteleyin<\/li>\n<li>UV koruyucu g\u00f6zl\u00fck kullan\u0131n\u00a0<\/li>\n<\/ul>\n<p><strong>Ne zaman lazer, ne zaman ak\u0131ll\u0131\u00a0mercek?<\/strong><\/p>\n<p>G\u00f6z Hastal\u0131klar\u0131 Uzman\u0131 Do\u00e7. Dr. \u00d6zge Beg\u00fcm Comba, 40 ya\u015f alt\u0131 ve d\u00fc\u015f\u00fck-orta dereceli k\u0131rma kusurlar\u0131 i\u00e7in lazer cerrahilerin (LASIK, PRK) ilk tercih edilen y\u00f6ntemler oldu\u011funu vurguluyor. 40 ya\u015f \u00fczeri presbiyopik\u00a0(ya\u015fa ba\u011fl\u0131 yak\u0131n g\u00f6rme kusuru)\u00a0tablosunda, y\u00fcksek hipermetropide veya katarakt varl\u0131\u011f\u0131nda ise premium g\u00f6z i\u00e7i lensleri (ak\u0131ll\u0131 mercek) \u00f6ncelikli olarak de\u011ferlendiriliyor. Her hastan\u0131n korneal topografisi, \u00f6n segment anatomisi ve ya\u015fam tarz\u0131 karar s\u00fcrecinde belirleyici oluyor.<\/p>\n<p>\u00a0<\/p>\n<p>Kaynak: (BYZHA) Beyaz Haber Ajans\u0131<\/p>\n","protected":false},"excerpt":{"rendered":"<p>G\u00f6z sa\u011fl\u0131\u011f\u0131 alan\u0131nda ya\u015fanan teknolojik geli\u015fmeler g\u00f6rme kusurlar\u0131n\u0131n tedavisinde \u00f6nemli kolayl\u0131klar sa\u011fl\u0131yor.<\/p>\n","protected":false},"author":1,"featured_media":3083,"comment_status":"open","ping_status":"open","sticky":false,"template":"","format":"standard","meta":{"footnotes":""},"categories":[31],"tags":[],"class_list":["post-3082","post","type-post","status-publish","format-standard","has-post-thumbnail","hentry","category-saglik"],"_links":{"self":[{"href":"https:\/\/ekonomievreni.com\/index.php?rest_route=\/wp\/v2\/posts\/3082","targetHints":{"allow":["GET"]}}],"collection":[{"href":"https:\/\/ekonomievreni.com\/index.php?rest_route=\/wp\/v2\/posts"}],"about":[{"href":"https:\/\/ekonomievreni.com\/index.php?rest_route=\/wp\/v2\/types\/post"}],"author":[{"embeddable":true,"href":"https:\/\/ekonomievreni.com\/index.php?rest_route=\/wp\/v2\/users\/1"}],"replies":[{"embeddable":true,"href":"https:\/\/ekonomievreni.com\/index.php?rest_route=%2Fwp%2Fv2%2Fcomments&post=3082"}],"version-history":[{"count":1,"href":"https:\/\/ekonomievreni.com\/index.php?rest_route=\/wp\/v2\/posts\/3082\/revisions"}],"predecessor-version":[{"id":3084,"href":"https:\/\/ekonomievreni.com\/index.php?rest_route=\/wp\/v2\/posts\/3082\/revisions\/3084"}],"wp:featuredmedia":[{"embeddable":true,"href":"https:\/\/ekonomievreni.com\/index.php?rest_route=\/wp\/v2\/media\/3083"}],"wp:attachment":[{"href":"https:\/\/ekonomievreni.com\/index.php?rest_route=%2Fwp%2Fv2%2Fmedia&parent=3082"}],"wp:term":[{"taxonomy":"category","embeddable":true,"href":"https:\/\/ekonomievreni.com\/index.php?rest_route=%2Fwp%2Fv2%2Fcategories&post=3082"},{"taxonomy":"post_tag","embeddable":true,"href":"https:\/\/ekonomievreni.com\/index.php?rest_route=%2Fwp%2Fv2%2Ftags&post=3082"}],"curies":[{"name":"wp","href":"https:\/\/api.w.org\/{rel}","templated":true}]}}