{"id":3079,"date":"2026-03-16T12:20:22","date_gmt":"2026-03-16T09:20:22","guid":{"rendered":"https:\/\/ekonomievreni.com\/?p=3079"},"modified":"2026-03-16T12:20:23","modified_gmt":"2026-03-16T09:20:23","slug":"tarim-urunleri-uretici-fiyat-endeksi-subat-2026","status":"publish","type":"post","link":"https:\/\/ekonomievreni.com\/?p=3079","title":{"rendered":"Tar\u0131m \u00dcr\u00fcnleri \u00dcretici Fiyat Endeksi, \u015eubat 2026"},"content":{"rendered":"<p> \u00a0<\/p>\n<p><strong>Tar\u0131m \u00fcr\u00fcnleri \u00fcretici fiyat endeksi (Tar\u0131m-\u00dcFE) y\u0131ll\u0131k %40,10 artt\u0131, ayl\u0131k %0,21 artt\u0131<\/strong><\/p>\n<p>Tar\u0131m-\u00dcFE&#8217;de (2020=100), 2026 y\u0131l\u0131 \u015eubat ay\u0131nda bir \u00f6nceki aya g\u00f6re %0,21 art\u0131\u015f, bir \u00f6nceki y\u0131l\u0131n Aral\u0131k ay\u0131na g\u00f6re %8,69 art\u0131\u015f, bir \u00f6nceki y\u0131l\u0131n ayn\u0131 ay\u0131na g\u00f6re %40,10 art\u0131\u015f ve on iki ayl\u0131k ortalamalara g\u00f6re %38,97 art\u0131\u015f ger\u00e7ekle\u015fti.<\/p>\n<p>Sekt\u00f6rlerde bir \u00f6nceki aya g\u00f6re, tar\u0131m ve avc\u0131l\u0131k \u00fcr\u00fcnleri ve ilgili hizmetlerde %0,03 art\u0131\u015f, ormanc\u0131l\u0131k \u00fcr\u00fcnleri ve ilgili hizmetlerde %6,54 art\u0131\u015f ve bal\u0131k ve di\u011fer bal\u0131k\u00e7\u0131l\u0131k \u00fcr\u00fcnleri; su \u00fcr\u00fcnleri; bal\u0131k\u00e7\u0131l\u0131k i\u00e7in destekleyici hizmetlerde %0,42 azal\u0131\u015f ger\u00e7ekle\u015fti. Ana gruplarda bir \u00f6nceki aya g\u00f6re, tek y\u0131ll\u0131k (uzun \u00f6m\u00fcrl\u00fc olmayan) bitkisel \u00fcr\u00fcnlerde %4,26 art\u0131\u015f, \u00e7ok y\u0131ll\u0131k (uzun \u00f6m\u00fcrl\u00fc) bitkisel \u00fcr\u00fcnlerde %5,83 azal\u0131\u015f ve canl\u0131 hayvanlar ve hayvansal \u00fcr\u00fcnlerde %4,24 art\u0131\u015f ger\u00e7ekle\u015fti.<\/p>\n<p><strong>Sekt\u00f6r ve ana gruplara g\u00f6re Tar\u0131m-\u00dcFE ve de\u011fi\u015fim oranlar\u0131(%), \u015eubat 2026<\/strong><\/p>\n<table>\n<thead>\n<tr>\n<th>\u00a0<\/th>\n<th>Endeks<\/th>\n<th>Bir \u00f6nceki aya g\u00f6re de\u011fi\u015fim oran\u0131 (%)<\/th>\n<th>Bir \u00f6nceki y\u0131l\u0131n Aral\u0131k ay\u0131na g\u00f6re de\u011fi\u015fim oran\u0131 (%)<\/th>\n<th>Bir \u00f6nceki y\u0131l\u0131n ayn\u0131 ay\u0131na g\u00f6re de\u011fi\u015fim oran\u0131 (%)<\/th>\n<th>On iki ayl\u0131k ortalamalara g\u00f6re de\u011fi\u015fim oran\u0131 (%)<\/th>\n<\/tr>\n<\/thead>\n<tbody>\n<tr>\n<td>Tar\u0131m-\u00dcFE<\/td>\n<td>1 109,78<\/td>\n<td>0,21<\/td>\n<td>8,69<\/td>\n<td>40,10<\/td>\n<td>38,97<\/td>\n<\/tr>\n<tr>\n<td>Tar\u0131m ve avc\u0131l\u0131k \u00fcr\u00fcnleri ve ilgili hizmetler<\/td>\n<td>1 095,40<\/td>\n<td>0,03<\/td>\n<td>8,45<\/td>\n<td>39,68<\/td>\n<td>38,63<\/td>\n<\/tr>\n<tr>\n<td>Tek y\u0131ll\u0131k (uzun \u00f6m\u00fcrl\u00fc olmayan) bitkisel \u00fcr\u00fcnler<\/td>\n<td>1 004,27<\/td>\n<td>4,26<\/td>\n<td>16,91<\/td>\n<td>31,99<\/td>\n<td>22,31<\/td>\n<\/tr>\n<tr>\n<td>\u00c7ok y\u0131ll\u0131k (uzun \u00f6m\u00fcrl\u00fc) bitkisel \u00fcr\u00fcnler<\/td>\n<td>1 286,06<\/td>\n<td>-5,83<\/td>\n<td>0,76<\/td>\n<td>78,69<\/td>\n<td>80,20<\/td>\n<\/tr>\n<tr>\n<td>Canl\u0131 hayvanlar ve hayvansal \u00fcr\u00fcnler<\/td>\n<td>1 094,40<\/td>\n<td>4,24<\/td>\n<td>8,43<\/td>\n<td>29,53<\/td>\n<td>26,36<\/td>\n<\/tr>\n<tr>\n<td>Orman \u00fcr\u00fcnleri ve ilgili hizmetler<\/td>\n<td>1 437,76<\/td>\n<td>6,54<\/td>\n<td>21,85<\/td>\n<td>46,53<\/td>\n<td>36,50<\/td>\n<\/tr>\n<tr>\n<td>Bal\u0131k ve di\u011fer bal\u0131k\u00e7\u0131l\u0131k \u00fcr\u00fcnleri; su \u00fcr\u00fcnleri; bal\u0131k\u00e7\u0131l\u0131k i\u00e7in destekleyici hizmetler<\/td>\n<td>1 305,29<\/td>\n<td>-0,42<\/td>\n<td>3,65<\/td>\n<td>46,34<\/td>\n<td>52,68<\/td>\n<\/tr>\n<\/tbody>\n<\/table>\n<p><strong>Tar\u0131m-\u00dcFE y\u0131ll\u0131k de\u011fi\u015fim oran\u0131 (%), \u015eubat 2026<\/strong><img loading=\"lazy\" decoding=\"async\" height=\"800\" src=\"https:\/\/www.beyazhaberajansi.com\/images\/files\/2026\/03\/69b7c9816eee8.png\" width=\"1830\" \/><\/p>\n<p>Y\u0131ll\u0131k de\u011fi\u015fimin en y\u00fcksek oldu\u011fu alt grup %110,06 art\u0131\u015f ile yumu\u015fak \u00e7ekirdekli meyveler ve sert \u00e7ekirdekli meyveler, ayl\u0131k de\u011fi\u015fimin en y\u00fcksek oldu\u011fu alt grup %24,52 art\u0131\u015f ile turun\u00e7giller oldu.<\/p>\n<p>\u00a0<\/p>\n<p>Alt gruplara g\u00f6re Tar\u0131m-\u00dcFE y\u0131ll\u0131k de\u011fi\u015fim oranlar\u0131 (%), \u015eubat 2026<img loading=\"lazy\" decoding=\"async\" height=\"800\" src=\"https:\/\/www.beyazhaberajansi.com\/images\/files\/2026\/03\/69b7c9a383364.png\" width=\"1830\" \/><\/p>\n<p>Alt gruplara g\u00f6re Tar\u0131m-\u00dcFE ayl\u0131k de\u011fi\u015fim oranlar\u0131 (%), \u015eubat 2026<\/p>\n<p><img loading=\"lazy\" decoding=\"async\" height=\"800\" src=\"https:\/\/www.beyazhaberajansi.com\/images\/files\/2026\/03\/69b7c9b9f10b9.png\" width=\"1830\" \/><\/p>\n<p>\u00a0<\/p>\n<p>\u00a0<\/p>\n<p>Kaynak: (BYZHA) Beyaz Haber Ajans\u0131<\/p>\n","protected":false},"excerpt":{"rendered":"<p>\u00a0    Tar\u0131m \u00fcr\u00fcnleri \u00fcretici fiyat endeksi (Tar\u0131m-\u00dcFE) y\u0131ll\u0131k %40,10 artt\u0131, ayl\u0131k %0,21 artt\u0131    Tar\u0131m-\u00dcFE&#8217;de (2020=100), 2026 y\u0131l\u0131 \u015eubat ay\u0131nda bir \u00f6nceki aya g\u00f6re %0,21 art\u0131\u015f, bir \u00f6nceki y\u0131l\u0131n Aral\u0131k ay\u0131na g\u00f6re %8,69 art\u0131\u015f, bir \u00f6nceki y\u0131l\u0131n ayn\u0131 ay\u0131na g\u00f6re %40,10 art\u0131\u015f ve on iki ayl\u0131k ortalamalara g\u00f6re %38,97 art\u0131\u015f ger\u00e7ekle\u015fti.<\/p>\n","protected":false},"author":1,"featured_media":3080,"comment_status":"open","ping_status":"open","sticky":false,"template":"","format":"standard","meta":{"footnotes":""},"categories":[30],"tags":[],"class_list":["post-3079","post","type-post","status-publish","format-standard","has-post-thumbnail","hentry","category-ekonomi"],"_links":{"self":[{"href":"https:\/\/ekonomievreni.com\/index.php?rest_route=\/wp\/v2\/posts\/3079","targetHints":{"allow":["GET"]}}],"collection":[{"href":"https:\/\/ekonomievreni.com\/index.php?rest_route=\/wp\/v2\/posts"}],"about":[{"href":"https:\/\/ekonomievreni.com\/index.php?rest_route=\/wp\/v2\/types\/post"}],"author":[{"embeddable":true,"href":"https:\/\/ekonomievreni.com\/index.php?rest_route=\/wp\/v2\/users\/1"}],"replies":[{"embeddable":true,"href":"https:\/\/ekonomievreni.com\/index.php?rest_route=%2Fwp%2Fv2%2Fcomments&post=3079"}],"version-history":[{"count":1,"href":"https:\/\/ekonomievreni.com\/index.php?rest_route=\/wp\/v2\/posts\/3079\/revisions"}],"predecessor-version":[{"id":3081,"href":"https:\/\/ekonomievreni.com\/index.php?rest_route=\/wp\/v2\/posts\/3079\/revisions\/3081"}],"wp:featuredmedia":[{"embeddable":true,"href":"https:\/\/ekonomievreni.com\/index.php?rest_route=\/wp\/v2\/media\/3080"}],"wp:attachment":[{"href":"https:\/\/ekonomievreni.com\/index.php?rest_route=%2Fwp%2Fv2%2Fmedia&parent=3079"}],"wp:term":[{"taxonomy":"category","embeddable":true,"href":"https:\/\/ekonomievreni.com\/index.php?rest_route=%2Fwp%2Fv2%2Fcategories&post=3079"},{"taxonomy":"post_tag","embeddable":true,"href":"https:\/\/ekonomievreni.com\/index.php?rest_route=%2Fwp%2Fv2%2Ftags&post=3079"}],"curies":[{"name":"wp","href":"https:\/\/api.w.org\/{rel}","templated":true}]}}