{"id":3076,"date":"2026-03-16T12:20:21","date_gmt":"2026-03-16T09:20:21","guid":{"rendered":"https:\/\/ekonomievreni.com\/?p=3076"},"modified":"2026-03-16T12:20:22","modified_gmt":"2026-03-16T09:20:22","slug":"motorlu-kara-tasitlari-subat-2026","status":"publish","type":"post","link":"https:\/\/ekonomievreni.com\/?p=3076","title":{"rendered":"Motorlu Kara Ta\u015f\u0131tlar\u0131, \u015eubat 2026"},"content":{"rendered":"<p> <strong>\u015eubat ay\u0131nda 121 bin 791 adet ta\u015f\u0131t\u0131n trafi\u011fe kayd\u0131 yap\u0131ld\u0131<\/strong><br \/>\u00a0<\/p>\n<p>\u015eubat ay\u0131nda trafi\u011fe kayd\u0131 yap\u0131lan ta\u015f\u0131tlar\u0131n %51,9&#8217;unu otomobil, %30,3&#8217;\u00fcn\u00fc motosiklet, %11,7&#8217;sini kamyonet, %2,5&#8217;ini kamyon, %1,7&#8217;sini trakt\u00f6r, %1,1&#8217;ini minib\u00fcs, %0,7&#8217;sini otob\u00fcs ve %0,1&#8217;ini \u00f6zel ama\u00e7l\u0131 ta\u015f\u0131tlar olu\u015fturdu. \u00a0<\/p>\n<p><strong>Trafi\u011fe kayd\u0131 yap\u0131lan ta\u015f\u0131t say\u0131s\u0131 bir \u00f6nceki aya g\u00f6re %15,8 azald\u0131<\/strong><br \/>\u00a0<\/p>\n<p>\u015eubat ay\u0131nda trafi\u011fe kayd\u0131 yap\u0131lan ta\u015f\u0131t say\u0131s\u0131 bir \u00f6nceki aya g\u00f6re motosiklette %36,2, trakt\u00f6rde %13,4 artarken \u00f6zel ama\u00e7l\u0131 ta\u015f\u0131tta %60,3, kamyonette %46,3, kamyonda %37,0, minib\u00fcste %26,6, otomobilde %22,1 ve otob\u00fcste %11,0 azald\u0131.<\/p>\n<p><strong>Trafi\u011fe kayd\u0131 yap\u0131lan ta\u015f\u0131t say\u0131s\u0131, \u015eubat 2024 &#8211; \u015eubat 2026<\/strong><img loading=\"lazy\" decoding=\"async\" height=\"355\" src=\"https:\/\/www.beyazhaberajansi.com\/images\/files\/2026\/03\/69b7cb3dc5135.png\" width=\"896\" \/><\/p>\n<p><strong>Trafi\u011fe kayd\u0131 yap\u0131lan ta\u015f\u0131t say\u0131s\u0131 ge\u00e7en y\u0131l\u0131n ayn\u0131 ay\u0131na g\u00f6re %11,0 azald\u0131<\/strong><\/p>\n<p>\u015eubat ay\u0131nda ge\u00e7en y\u0131l\u0131n ayn\u0131 ay\u0131na g\u00f6re trafi\u011fe kayd\u0131 yap\u0131lan ta\u015f\u0131t say\u0131s\u0131 kamyonette %13,7 artarken trakt\u00f6rde %54,6, minib\u00fcste %31,4, \u00f6zel ama\u00e7l\u0131 ta\u015f\u0131tta %19,5, otob\u00fcste %19,4, motosiklette %17,5, otomobilde %8,1 ve kamyonda %0,2 azald\u0131.<\/p>\n<p><strong>Trafi\u011fe kay\u0131tl\u0131 toplam ta\u015f\u0131t say\u0131s\u0131 \u015eubat ay\u0131 sonu itibar\u0131yla 33 milyon 869 bin 80 oldu<\/strong><\/p>\n<p>\u015eubat ay\u0131 sonu itibar\u0131yla trafi\u011fe kay\u0131tl\u0131 ta\u015f\u0131tlar\u0131n %51,7&#8217;sini otomobil, %21,2&#8217;sini motosiklet, %14,6&#8217;s\u0131n\u0131 kamyonet, %6,9&#8217;unu trakt\u00f6r, %3,1&#8217;ini kamyon, %1,6&#8217;s\u0131n\u0131 minib\u00fcs, %0,6&#8217;s\u0131n\u0131 otob\u00fcs ve %0,3&#8217;\u00fcn\u00fc \u00f6zel ama\u00e7l\u0131 ta\u015f\u0131tlar olu\u015fturdu.<\/p>\n<p><img loading=\"lazy\" decoding=\"async\" height=\"375\" src=\"https:\/\/www.beyazhaberajansi.com\/images\/files\/2026\/03\/69b7cb3d7e919.png\" width=\"667\" \/><\/p>\n<p><strong>\u015eubat ay\u0131nda 806 bin 588 adet ta\u015f\u0131t\u0131n devri yap\u0131ld\u0131<\/strong><\/p>\n<p>\u015eubat ay\u0131nda devri<sup>(1)\u00a0<\/sup>yap\u0131lan ta\u015f\u0131tlar\u0131n %69,0&#8217;\u0131n\u0131 otomobil, %15,4&#8217;\u00fcn\u00fc kamyonet, %8,1&#8217;ini motosiklet, %2,9&#8217;unu trakt\u00f6r, %2,1&#8217;ini kamyon, %1,7&#8217;sini minib\u00fcs, %0,5&#8217;ini otob\u00fcs ve %0,3&#8217;\u00fcn\u00fc \u00f6zel ama\u00e7l\u0131 ta\u015f\u0131tlar olu\u015fturdu.<\/p>\n<p><strong>\u015eubat ay\u0131nda 63 bin 171 adet otomobilin trafi\u011fe kayd\u0131 yap\u0131ld\u0131<\/strong><\/p>\n<p>\u015eubat ay\u0131nda trafi\u011fe kayd\u0131 yap\u0131lan otomobillerin %14,8&#8217;i Renault, %11,0&#8217;\u0131 Toyota, %7,2&#8217;si Volkswagen, %5,9&#8217;u Hyundai, %5,3&#8217;\u00fc Fiat, %4,8&#8217;i Peugeot, %4,7&#8217;si Skoda, %4,7&#8217;si Opel, %4,7&#8217;si TOGG, %4,3&#8217;\u00fc Citroen, %3,1&#8217;i BYD, %3,0&#8217;\u0131 Chery, %2,9&#8217;u Ford, %2,8&#8217;i Mercedes-Benz, %2,7&#8217;si Kia, %2,3&#8217;\u00fc Nissan, %2,1&#8217;i BMW, %2,1&#8217;i Audi, %2,0&#8217;u Mini, %1,5&#8217;i Volvo ve %8,4&#8217;\u00fc di\u011fer<sup>(2)\u00a0<\/sup>markalardan olu\u015ftu. \u00a0\u00a0\u00a0<\/p>\n<p><strong>Ocak-\u015eubat d\u00f6neminde 266 bin 411 adet ta\u015f\u0131t\u0131n trafi\u011fe kayd\u0131 yap\u0131ld\u0131<\/strong><\/p>\n<p>Ocak-\u015eubat d\u00f6neminde bir \u00f6nceki y\u0131l\u0131n ayn\u0131 d\u00f6nemine g\u00f6re trafi\u011fe kayd\u0131 yap\u0131lan ta\u015f\u0131t say\u0131s\u0131 %11,9 azalarak 266 bin 411 adet olurken, trafikten kayd\u0131 silinen ta\u015f\u0131t say\u0131s\u0131 da %15,2 artarak 8 bin 186 adet oldu. B\u00f6ylece Ocak-\u015eubat d\u00f6neminde trafikteki toplam ta\u015f\u0131t say\u0131s\u0131nda 258 bin 225 adet art\u0131\u015f ger\u00e7ekle\u015fti.<\/p>\n<p><strong>Trafi\u011fe kayd\u0131 yap\u0131lan ve trafikten kayd\u0131 silinen motorlu kara ta\u015f\u0131tlar\u0131, \u015eubat 2026<\/strong><br \/><img loading=\"lazy\" decoding=\"async\" height=\"98\" src=\"https:\/\/www.beyazhaberajansi.com\/images\/files\/2026\/03\/69b7cb3dae54e.png\" width=\"709\" \/><\/p>\n<p><strong>Ocak-\u015eubat d\u00f6neminde trafi\u011fe kayd\u0131 yap\u0131lan otomobillerin %42,5&#8217;i benzin yak\u0131tl\u0131d\u0131r<\/strong><\/p>\n<p>Ocak-\u015eubat d\u00f6neminde trafi\u011fe kayd\u0131 yap\u0131lan 144 bin 279 adet otomobilin %42,5&#8217;i benzin, %29,8&#8217;i hibrit, %18,2&#8217;i elektrikli,\u00a0 %9,0&#8217;\u0131 dizel ve %0,5&#8217;i LPG yak\u0131tl\u0131d\u0131r. \u015eubat ay\u0131 sonu itibar\u0131yla trafi\u011fe kay\u0131tl\u0131 17 milyon 523 bin 423 adet otomobilin ise %32,4&#8217;\u00fc dizel, %31,0&#8217;\u0131 benzin, %29,9&#8217;u LPG, %4,2&#8217;si hibrit ve %2,3&#8217;\u00fc elektriklidir. Yak\u0131t t\u00fcr\u00fc bilinmeyen<sup>(3)\u00a0<\/sup>otomobillerin oran\u0131 ise %0,2&#8217;dir.<\/p>\n<p><strong>Trafi\u011fe kayd\u0131 yap\u0131lan otomobillerin yak\u0131t cinslerine g\u00f6re da\u011f\u0131l\u0131m\u0131, \u015eubat 2026<\/strong><br \/><img loading=\"lazy\" decoding=\"async\" height=\"181\" src=\"https:\/\/www.beyazhaberajansi.com\/images\/files\/2026\/03\/69b7cb3d94f61.png\" width=\"670\" \/><\/p>\n<p><strong>Ocak-\u015eubat d\u00f6neminde en fazla 1300 ve alt\u0131 silindir hacimli otomobil kayd\u0131 yap\u0131ld\u0131<\/strong><\/p>\n<p>Ocak-\u015eubat d\u00f6neminde trafi\u011fe kayd\u0131 yap\u0131lan 144 bin 279 adet otomobilin %32,4&#8217;\u00fc 1300 ve alt\u0131, %16,1&#8217;i 1401-1500, %13,5&#8217;i 1501-1600, %9,9&#8217;u 1301-1400, %9,1&#8217;i 1601-2000, %0,8&#8217;i 2001 ve \u00fcst\u00fc motor silindir hacmine sahiptir.<\/p>\n<p><strong>Ocak-\u015eubat d\u00f6neminde kayd\u0131 yap\u0131lan otomobillerin 60 bin 942&#8217;si gri renklidir<\/strong><\/p>\n<p>Ocak-\u015eubat d\u00f6neminde trafi\u011fe kayd\u0131 yap\u0131lan 144 bin 279 adet otomobilin %42,2&#8217;si gri, %25,7&#8217;si beyaz, %10,9&#8217;u siyah, %10,5&#8217;i mavi, %5,3&#8217;\u00fc ye\u015fil, %3,3&#8217;\u00fc k\u0131rm\u0131z\u0131, %1,3&#8217;\u00fc kahverengi, %0,3&#8217;\u00fc turuncu, %0,3&#8217;\u00fc sar\u0131 ve %0,2&#8217;si di\u011fer renklidir.<\/p>\n<p>\u00a0<\/p>\n<p>Kaynak: (BYZHA) Beyaz Haber Ajans\u0131<\/p>\n","protected":false},"excerpt":{"rendered":"<p>\u015eubat ay\u0131nda 121 bin 791 adet ta\u015f\u0131t\u0131n trafi\u011fe kayd\u0131 yap\u0131ld\u0131  \u00a0    \u015eubat ay\u0131nda trafi\u011fe kayd\u0131 yap\u0131lan ta\u015f\u0131tlar\u0131n %51,9&#8217;unu otomobil, %30,3&#8217;\u00fcn\u00fc motosiklet, %11,7&#8217;sini kamyonet, %2,5&#8217;ini kamyon, %1,7&#8217;sini trakt\u00f6r, %1,1&#8217;ini minib\u00fcs, %0,7&#8217;sini otob\u00fcs ve %0,1&#8217;ini \u00f6zel ama\u00e7l\u0131 ta\u015f\u0131tlar olu\u015fturdu.<\/p>\n","protected":false},"author":1,"featured_media":3077,"comment_status":"open","ping_status":"open","sticky":false,"template":"","format":"standard","meta":{"footnotes":""},"categories":[30],"tags":[],"class_list":["post-3076","post","type-post","status-publish","format-standard","has-post-thumbnail","hentry","category-ekonomi"],"_links":{"self":[{"href":"https:\/\/ekonomievreni.com\/index.php?rest_route=\/wp\/v2\/posts\/3076","targetHints":{"allow":["GET"]}}],"collection":[{"href":"https:\/\/ekonomievreni.com\/index.php?rest_route=\/wp\/v2\/posts"}],"about":[{"href":"https:\/\/ekonomievreni.com\/index.php?rest_route=\/wp\/v2\/types\/post"}],"author":[{"embeddable":true,"href":"https:\/\/ekonomievreni.com\/index.php?rest_route=\/wp\/v2\/users\/1"}],"replies":[{"embeddable":true,"href":"https:\/\/ekonomievreni.com\/index.php?rest_route=%2Fwp%2Fv2%2Fcomments&post=3076"}],"version-history":[{"count":1,"href":"https:\/\/ekonomievreni.com\/index.php?rest_route=\/wp\/v2\/posts\/3076\/revisions"}],"predecessor-version":[{"id":3078,"href":"https:\/\/ekonomievreni.com\/index.php?rest_route=\/wp\/v2\/posts\/3076\/revisions\/3078"}],"wp:featuredmedia":[{"embeddable":true,"href":"https:\/\/ekonomievreni.com\/index.php?rest_route=\/wp\/v2\/media\/3077"}],"wp:attachment":[{"href":"https:\/\/ekonomievreni.com\/index.php?rest_route=%2Fwp%2Fv2%2Fmedia&parent=3076"}],"wp:term":[{"taxonomy":"category","embeddable":true,"href":"https:\/\/ekonomievreni.com\/index.php?rest_route=%2Fwp%2Fv2%2Fcategories&post=3076"},{"taxonomy":"post_tag","embeddable":true,"href":"https:\/\/ekonomievreni.com\/index.php?rest_route=%2Fwp%2Fv2%2Ftags&post=3076"}],"curies":[{"name":"wp","href":"https:\/\/api.w.org\/{rel}","templated":true}]}}