{"id":3061,"date":"2026-03-16T11:40:23","date_gmt":"2026-03-16T08:40:23","guid":{"rendered":"https:\/\/ekonomievreni.com\/?p=3061"},"modified":"2026-03-16T11:40:24","modified_gmt":"2026-03-16T08:40:24","slug":"baskan-ozarslan-baglumspora-tribunden-destek-verdi-galibiyet-sevincini-paylasti","status":"publish","type":"post","link":"https:\/\/ekonomievreni.com\/?p=3061","title":{"rendered":"Ba\u015fkan \u00d6zarslan Ba\u011flumspor\u2019a Trib\u00fcnden Destek Verdi, Galibiyet Sevincini Payla\u015ft\u0131"},"content":{"rendered":"<p> Ke\u00e7i\u00f6ren Belediye Ba\u015fkan\u0131 Dr. Mesut \u00d6zarslan, B\u00f6lgesel Amat\u00f6r Lig\u2019de m\u00fccadele eden Ke\u00e7i\u00f6ren Belediyesi Ba\u011flumspor\u2019un Bozanspor ile oynad\u0131\u011f\u0131 kar\u015f\u0131la\u015fmay\u0131 trib\u00fcnden takip etti. Ba\u011flumspor, sahas\u0131nda a\u011f\u0131rlad\u0131\u011f\u0131 Bozanspor\u2019u 2-0 ma\u011flup ederek \u00f6nemli bir galibiyete imza atarken, Ba\u015fkan \u00d6zarslan m\u00fccadele sonunda sahaya inerek Ba\u011flumspor\u2019un galibiyet sevincini futbolcular ve taraftarlarla birlikte payla\u015ft\u0131.<\/p>\n<p><b>\u201cTak\u0131m\u0131m\u0131zla gurur duyuyoruz\u201d<\/b><\/p>\n<p>Ba\u015fkan \u00d6zarslan, sosyal medya hesab\u0131ndan yapt\u0131\u011f\u0131 payla\u015f\u0131mda galibiyet sevincini \u015fu s\u00f6zlerle dile getirdi: \u201c\u0130l\u00e7emizin gururu Ke\u00e7i\u00f6ren Belediyesi Ba\u011flumspor\u2019umuz, T\u00fcrkiye B\u00f6lgesel Amat\u00f6r Lig\u2019de bug\u00fcn Bozanspor\u2019u saham\u0131zda a\u011f\u0131rlad\u0131. Sahadan 2-0\u2019l\u0131k galibiyetle ayr\u0131lan tak\u0131m\u0131m\u0131z, bu sonu\u00e7la ligde zirveye ortak oldu. Sahada g\u00f6sterdikleri m\u00fccadeleyle bizleri gururland\u0131ran Ba\u011flumspor\u2019umuza, teknik heyetimize, futbolcular\u0131m\u0131za ve her zaman yan\u0131m\u0131zda olan, bug\u00fcn de b\u00fcy\u00fck destek veren taraftarlar\u0131m\u0131za g\u00f6n\u00fclden te\u015fekk\u00fcr ediyorum.\u201d<\/p>\n<p><b>Zirve yar\u0131\u015f\u0131nda \u00f6nemli galibiyet<\/b><\/p>\n<p>Al\u0131nan bu sonu\u00e7la Ke\u00e7i\u00f6ren Belediyesi Ba\u011flumspor puan\u0131n\u0131 37\u2019ye y\u00fckselterek B\u00f6lgesel Amat\u00f6r Lig\u2019de ikinci s\u0131raya yerle\u015fti ve zirve yar\u0131\u015f\u0131ndaki iddias\u0131n\u0131 s\u00fcrd\u00fcrd\u00fc. Ligde lider konumda bulunan Kahramankazan Belediyespor ile ayn\u0131 puana ula\u015fan Ba\u011flumspor, averaj fark\u0131yla ikinci s\u0131rada yer ald\u0131. Ba\u011flumspor\u2019un ald\u0131\u011f\u0131 bu galibiyet, hem taraftarlar hem de il\u00e7e spor camias\u0131nda b\u00fcy\u00fck sevin\u00e7le kar\u015f\u0131land\u0131.<\/p>\n<p>\u00a0<\/p>\n<p>\u00a0<\/p>\n<p>Kaynak: (BYZHA) Beyaz Haber Ajans\u0131<\/p>\n","protected":false},"excerpt":{"rendered":"<p>Ke\u00e7i\u00f6ren Belediye Ba\u015fkan\u0131 Dr.<\/p>\n","protected":false},"author":1,"featured_media":3062,"comment_status":"open","ping_status":"open","sticky":false,"template":"","format":"standard","meta":{"footnotes":""},"categories":[33],"tags":[],"class_list":["post-3061","post","type-post","status-publish","format-standard","has-post-thumbnail","hentry","category-spor"],"_links":{"self":[{"href":"https:\/\/ekonomievreni.com\/index.php?rest_route=\/wp\/v2\/posts\/3061","targetHints":{"allow":["GET"]}}],"collection":[{"href":"https:\/\/ekonomievreni.com\/index.php?rest_route=\/wp\/v2\/posts"}],"about":[{"href":"https:\/\/ekonomievreni.com\/index.php?rest_route=\/wp\/v2\/types\/post"}],"author":[{"embeddable":true,"href":"https:\/\/ekonomievreni.com\/index.php?rest_route=\/wp\/v2\/users\/1"}],"replies":[{"embeddable":true,"href":"https:\/\/ekonomievreni.com\/index.php?rest_route=%2Fwp%2Fv2%2Fcomments&post=3061"}],"version-history":[{"count":1,"href":"https:\/\/ekonomievreni.com\/index.php?rest_route=\/wp\/v2\/posts\/3061\/revisions"}],"predecessor-version":[{"id":3063,"href":"https:\/\/ekonomievreni.com\/index.php?rest_route=\/wp\/v2\/posts\/3061\/revisions\/3063"}],"wp:featuredmedia":[{"embeddable":true,"href":"https:\/\/ekonomievreni.com\/index.php?rest_route=\/wp\/v2\/media\/3062"}],"wp:attachment":[{"href":"https:\/\/ekonomievreni.com\/index.php?rest_route=%2Fwp%2Fv2%2Fmedia&parent=3061"}],"wp:term":[{"taxonomy":"category","embeddable":true,"href":"https:\/\/ekonomievreni.com\/index.php?rest_route=%2Fwp%2Fv2%2Fcategories&post=3061"},{"taxonomy":"post_tag","embeddable":true,"href":"https:\/\/ekonomievreni.com\/index.php?rest_route=%2Fwp%2Fv2%2Ftags&post=3061"}],"curies":[{"name":"wp","href":"https:\/\/api.w.org\/{rel}","templated":true}]}}