{"id":3031,"date":"2026-03-15T16:11:36","date_gmt":"2026-03-15T13:11:36","guid":{"rendered":"https:\/\/ekonomievreni.com\/?p=3031"},"modified":"2026-03-15T16:11:37","modified_gmt":"2026-03-15T13:11:37","slug":"kadin-girisimciler-bayram-sokagi-kapilarini-acti","status":"publish","type":"post","link":"https:\/\/ekonomievreni.com\/?p=3031","title":{"rendered":"Kad\u0131n Giri\u015fimciler Bayram Soka\u011f\u0131 Kap\u0131lar\u0131n\u0131 A\u00e7t\u0131"},"content":{"rendered":"<p> Kad\u0131n Giri\u015fimciler Bayram Soka\u011f\u0131, S\u00fcmb\u00fcll\u00fc Bah\u00e7e Kona\u011f\u0131 giri\u015finde Osmangazililerin ziyaretine a\u00e7\u0131ld\u0131. Ev tekstilinden hediyelik e\u015fyalara kadar bir\u00e7ok \u00fcr\u00fcn\u00fcn yer ald\u0131\u011f\u0131 bayram soka\u011f\u0131, kad\u0131nlar\u0131n \u00fcretim g\u00fcc\u00fcn\u00fc sergilerken, vatanda\u015flardan da yo\u011fun ilgi g\u00f6r\u00fcyor.<\/p>\n<p>Kad\u0131nlar\u0131n bilgi, beceri ve \u00fcretim g\u00fcc\u00fcn\u00fc ger\u00e7ekle\u015ftirdi\u011fi faaliyetler ile birlikte destekleyen Osmangazi Belediyesi, sa\u011flad\u0131\u011f\u0131 e\u011fitim ve projelerle kad\u0131n giri\u015fimcili\u011finin geli\u015fmesine b\u00fcy\u00fck katk\u0131 sa\u011fl\u0131yor. Bu do\u011frultuda hayata ge\u00e7irilen Kad\u0131n Giri\u015fimciler Bayram Soka\u011f\u0131, S\u00fcmb\u00fcll\u00fc Bah\u00e7e Kona\u011f\u0131\u2019n\u0131n hemen giri\u015finde Osmangazili vatanda\u015flar\u0131n hizmetine sunuldu. Tamam\u0131n\u0131 kad\u0131n giri\u015fimcilerinin olu\u015fturdu\u011fu bayram soka\u011f\u0131nda ev tekstil \u00fcr\u00fcnlerinden, hediyelik e\u015fyalara dek uzanan geni\u015f yelpazede \u00fcr\u00fcn \u00e7e\u015fidi, kad\u0131nlar\u0131n kendi emekleri \u00fcretimiyle vatanda\u015flarla bulu\u015fturuldu.<\/p>\n<p><b>\u201cOsmangazi Belediyesi Olarak B\u00fct\u00fcn Osmangazili Kad\u0131nlar\u0131m\u0131z\u0131n Arkas\u0131nday\u0131z\u201d<\/b><\/p>\n<p>Kad\u0131n Giri\u015fimciler Bayram Soka\u011f\u0131\u2019n\u0131 gezerek, hay\u0131rl\u0131 i\u015fler temennisinde bulunan Osmangazi Belediye Ba\u015fkan Yard\u0131mc\u0131s\u0131 Mutlu Esendemir, Osmangazi Belediyesi\u2019nin kad\u0131nlar\u0131n \u00e7al\u0131\u015fmalar\u0131n\u0131 \u00e7ok \u00f6nemsedi\u011fine i\u015faret ederek, \u015f\u00f6yle konu\u015ftu;<\/p>\n<p>\u201cKad\u0131n Giri\u015fimciler Soka\u011f\u0131\u2019m\u0131z, Ramazan boyunca iki noktadayd\u0131. Birincisi \u00dcftade Hazretleri\u2019nin oldu\u011fu terasta, di\u011feri de Kent Meydan\u0131\u2019ndayd\u0131. \u015eimdi bir de kad\u0131n giri\u015fimcilerinden olu\u015fan bayram soka\u011f\u0131 kurduk. Bayram soka\u011f\u0131, hafta sonundan itibaren arife ak\u015fam\u0131na kadar devam edecek. B\u00fct\u00fcn yurtta\u015flar\u0131m\u0131z\u0131n, bayram ihtiya\u00e7lar\u0131n\u0131 kar\u015f\u0131layabilece\u011fi bir\u00e7ok \u015feyi kad\u0131nlar\u0131m\u0131z haz\u0131rlad\u0131 ve Osmangazilileri bekliyor. Osmangazili kad\u0131nlar\u0131n \u00fcretimini sergilemeye devam ediyoruz. Onlar \u00fcrettik\u00e7e biz mutluyuz, onlar \u00fcrettik\u00e7e geli\u015fiyoruz. Osmangazi Belediyesi olarak b\u00fct\u00fcn Osmangazili kad\u0131nlar\u0131m\u0131z\u0131n arkas\u0131nday\u0131z.\u201d<\/p>\n<p>19 Mart Per\u015fembe g\u00fcn\u00fc ak\u015fam\u0131na kadar faaliyet g\u00f6sterecek Kad\u0131n Giri\u015fimciler Bayram Soka\u011f\u0131, a\u00e7\u0131ld\u0131\u011f\u0131 ilk andan itibaren Osmangazili vatanda\u015flar ve b\u00f6lgeye ak\u0131n eden yabanc\u0131 turistler taraf\u0131ndan yo\u011fun ilgi g\u00f6r\u00fcyor.<\/p>\n<p>Kaynak: (BYZHA) Beyaz Haber Ajans\u0131<\/p>\n","protected":false},"excerpt":{"rendered":"<p>Kad\u0131n Giri\u015fimciler Bayram Soka\u011f\u0131, S\u00fcmb\u00fcll\u00fc Bah\u00e7e Kona\u011f\u0131 giri\u015finde Osmangazililerin ziyaretine a\u00e7\u0131ld\u0131.<\/p>\n","protected":false},"author":1,"featured_media":3032,"comment_status":"open","ping_status":"open","sticky":false,"template":"","format":"standard","meta":{"footnotes":""},"categories":[30],"tags":[],"class_list":["post-3031","post","type-post","status-publish","format-standard","has-post-thumbnail","hentry","category-ekonomi"],"_links":{"self":[{"href":"https:\/\/ekonomievreni.com\/index.php?rest_route=\/wp\/v2\/posts\/3031","targetHints":{"allow":["GET"]}}],"collection":[{"href":"https:\/\/ekonomievreni.com\/index.php?rest_route=\/wp\/v2\/posts"}],"about":[{"href":"https:\/\/ekonomievreni.com\/index.php?rest_route=\/wp\/v2\/types\/post"}],"author":[{"embeddable":true,"href":"https:\/\/ekonomievreni.com\/index.php?rest_route=\/wp\/v2\/users\/1"}],"replies":[{"embeddable":true,"href":"https:\/\/ekonomievreni.com\/index.php?rest_route=%2Fwp%2Fv2%2Fcomments&post=3031"}],"version-history":[{"count":1,"href":"https:\/\/ekonomievreni.com\/index.php?rest_route=\/wp\/v2\/posts\/3031\/revisions"}],"predecessor-version":[{"id":3033,"href":"https:\/\/ekonomievreni.com\/index.php?rest_route=\/wp\/v2\/posts\/3031\/revisions\/3033"}],"wp:featuredmedia":[{"embeddable":true,"href":"https:\/\/ekonomievreni.com\/index.php?rest_route=\/wp\/v2\/media\/3032"}],"wp:attachment":[{"href":"https:\/\/ekonomievreni.com\/index.php?rest_route=%2Fwp%2Fv2%2Fmedia&parent=3031"}],"wp:term":[{"taxonomy":"category","embeddable":true,"href":"https:\/\/ekonomievreni.com\/index.php?rest_route=%2Fwp%2Fv2%2Fcategories&post=3031"},{"taxonomy":"post_tag","embeddable":true,"href":"https:\/\/ekonomievreni.com\/index.php?rest_route=%2Fwp%2Fv2%2Ftags&post=3031"}],"curies":[{"name":"wp","href":"https:\/\/api.w.org\/{rel}","templated":true}]}}