{"id":3028,"date":"2026-03-15T13:00:58","date_gmt":"2026-03-15T10:00:58","guid":{"rendered":"https:\/\/ekonomievreni.com\/?p=3028"},"modified":"2026-03-15T13:00:59","modified_gmt":"2026-03-15T10:00:59","slug":"memorial-hastanelerinde-kolon-kanseri-farkindaligi-icin-mavi-gun","status":"publish","type":"post","link":"https:\/\/ekonomievreni.com\/?p=3028","title":{"rendered":"Memorial Hastanelerinde Kolon Kanseri Fark\u0131ndal\u0131\u011f\u0131 \u0130\u00e7in \u201cMavi G\u00fcn\u201d"},"content":{"rendered":"<p> <strong>Memorial Sa\u011fl\u0131k Grubu, kolon kanseri konusunda toplumsal fark\u0131ndal\u0131\u011f\u0131 art\u0131rmak amac\u0131yla \u201cKolon Kanseri \u0130\u00e7in Mavi G\u00fcn\u201d etkinliklerini d\u00fczenledi. \u0130lk kez ger\u00e7ekle\u015ftirilen \u00e7al\u0131\u015fma kapsam\u0131nda, farkl\u0131 \u015fehirlerdeki hastanelerinde e\u015f zamanl\u0131 fark\u0131ndal\u0131k bulu\u015fmalar\u0131 yap\u0131ld\u0131.<\/strong><\/p>\n<p>Memorial Sa\u011fl\u0131k Grubu, \u0130stanbul, Ankara, Antalya, Bodrum, Diyarbak\u0131r ve Kayseri\u2019deki hastanelerinde kolon kanseri fark\u0131ndal\u0131\u011f\u0131na dikkat \u00e7ekmek amac\u0131yla \u201cKolon Kanseri \u0130\u00e7in Mavi G\u00fcn\u201d etkinlikleri d\u00fczenledi. Farkl\u0131 \u015fehirlerde e\u015f zamanl\u0131 ger\u00e7ekle\u015ftirilen etkinliklerde hastalar, hekimler ve sa\u011fl\u0131k \u00e7al\u0131\u015fanlar\u0131 bir araya geldi.<\/p>\n<p>Mavi konseptli alanlar, fark\u0131ndal\u0131k stantlar\u0131, bilgilendirme etkinlikleri ve hasta hik\u00e2yeleri ile kolon kanserinde erken te\u015fhisin \u00f6nemine dikkat \u00e7ekildi. G\u00fcn boyunca hastane alanlar\u0131nda kurulan bilgilendirme noktalar\u0131nda ziyaret\u00e7ilere kolon kanseri hakk\u0131nda bilgi verilirken, fark\u0131ndal\u0131k d\u00f6vizleri ve mavi temal\u0131 etkinliklerle konuya dikkat \u00e7ekildi. Kat\u0131l\u0131mc\u0131lar doktorlarla bir araya gelerek kolon kanserine ili\u015fkin merak ettikleri sorulara yan\u0131t bulma f\u0131rsat\u0131 da yakalad\u0131.<\/p>\n<p>Etkinlikler kapsam\u0131nda sanat ve medya d\u00fcnyas\u0131ndan isimler de fark\u0131ndal\u0131k \u00e7al\u0131\u015fmalar\u0131na destek verdi. Memorial Bah\u00e7elievler Hastanesi\u2019ndeki etkinli\u011fe kat\u0131lan Ece Vahapo\u011flu, kendi deneyimlerinden yola \u00e7\u0131karak kolon kanseri fark\u0131ndal\u0131\u011f\u0131n\u0131n \u00f6nemine dikkat \u00e7ekti. Memorial Bah\u00e7elievler Hastanesi\u2019ne Ece Vahapo\u011flu\u2019nun yan\u0131 s\u0131ra \u015eebnem \u00d6zinal, Memorial \u015ei\u015fli Hastanesi i\u00e7in ise Selin T\u00fcrkmen, Memorial G\u00f6ztepe Hastanesi\u2019ndeki etkinli\u011fe Seren Fosforo\u011flu, M\u00fcge Ulusoy ve Ay\u015fen \u0130nci, Memorial Ata\u015fehir Hastanesi\u2019ndeki etkinli\u011fe ise \u015eahika Erc\u00fcmen ve Demirhan Demircio\u011flu kat\u0131ld\u0131.<\/p>\n<p><strong>Memorial Sa\u011fl\u0131k Grubu Genel M\u00fcd\u00fcr\u00fc Bora Ulud\u00fcz,\u00a0<\/strong>\u201cMavi G\u00fcn\u201d etkinlikleriyle kolon kanseri konusunda toplumsal fark\u0131ndal\u0131\u011f\u0131 art\u0131rmay\u0131 hedeflediklerini belirterek \u015funlar\u0131 s\u00f6yledi:<strong>\u00a0<\/strong><\/p>\n<p>\u201cKolon kanseri, erken te\u015fhis edildi\u011finde tedavi ba\u015far\u0131s\u0131 olduk\u00e7a y\u00fcksek olan kanser t\u00fcrlerinden biri. Bu nedenle toplumda fark\u0131ndal\u0131\u011f\u0131n art\u0131r\u0131lmas\u0131 b\u00fcy\u00fck \u00f6nem ta\u015f\u0131yor. Memorial olarak bu bilin\u00e7le \u2018Kolon Kanseri \u0130\u00e7in Mavi G\u00fcn\u2019 etkinliklerini hastanelerimizde ilk kez hayata ge\u00e7iriyoruz. Hekimlerimiz, sa\u011fl\u0131k \u00e7al\u0131\u015fanlar\u0131m\u0131z ve toplumun farkl\u0131 kesimlerini bir araya getiren bu t\u00fcr \u00e7al\u0131\u015fmalarla kolon kanseri konusunda fark\u0131ndal\u0131\u011f\u0131 g\u00fc\u00e7lendirmeyi ve erken te\u015fhisin \u00f6nemine dikkat \u00e7ekmeyi hedefliyoruz. Memorial Sa\u011fl\u0131k Grubu olarak toplum sa\u011fl\u0131\u011f\u0131n\u0131 destekleyen fark\u0131ndal\u0131k ve bilgilendirme \u00e7al\u0131\u015fmalar\u0131m\u0131z\u0131 \u00f6n\u00fcm\u00fczdeki d\u00f6nemde de s\u00fcrd\u00fcrmeye devam edece\u011fiz.\u201d<\/p>\n<p>Kaynak: (BYZHA) Beyaz Haber Ajans\u0131<\/p>\n","protected":false},"excerpt":{"rendered":"<p>Memorial Sa\u011fl\u0131k Grubu, kolon kanseri konusunda toplumsal fark\u0131ndal\u0131\u011f\u0131 art\u0131rmak amac\u0131yla \u201cKolon Kanseri \u0130\u00e7in Mavi G\u00fcn\u201d etkinliklerini d\u00fczenledi.<\/p>\n","protected":false},"author":1,"featured_media":3029,"comment_status":"open","ping_status":"open","sticky":false,"template":"","format":"standard","meta":{"footnotes":""},"categories":[31],"tags":[],"class_list":["post-3028","post","type-post","status-publish","format-standard","has-post-thumbnail","hentry","category-saglik"],"_links":{"self":[{"href":"https:\/\/ekonomievreni.com\/index.php?rest_route=\/wp\/v2\/posts\/3028","targetHints":{"allow":["GET"]}}],"collection":[{"href":"https:\/\/ekonomievreni.com\/index.php?rest_route=\/wp\/v2\/posts"}],"about":[{"href":"https:\/\/ekonomievreni.com\/index.php?rest_route=\/wp\/v2\/types\/post"}],"author":[{"embeddable":true,"href":"https:\/\/ekonomievreni.com\/index.php?rest_route=\/wp\/v2\/users\/1"}],"replies":[{"embeddable":true,"href":"https:\/\/ekonomievreni.com\/index.php?rest_route=%2Fwp%2Fv2%2Fcomments&post=3028"}],"version-history":[{"count":1,"href":"https:\/\/ekonomievreni.com\/index.php?rest_route=\/wp\/v2\/posts\/3028\/revisions"}],"predecessor-version":[{"id":3030,"href":"https:\/\/ekonomievreni.com\/index.php?rest_route=\/wp\/v2\/posts\/3028\/revisions\/3030"}],"wp:featuredmedia":[{"embeddable":true,"href":"https:\/\/ekonomievreni.com\/index.php?rest_route=\/wp\/v2\/media\/3029"}],"wp:attachment":[{"href":"https:\/\/ekonomievreni.com\/index.php?rest_route=%2Fwp%2Fv2%2Fmedia&parent=3028"}],"wp:term":[{"taxonomy":"category","embeddable":true,"href":"https:\/\/ekonomievreni.com\/index.php?rest_route=%2Fwp%2Fv2%2Fcategories&post=3028"},{"taxonomy":"post_tag","embeddable":true,"href":"https:\/\/ekonomievreni.com\/index.php?rest_route=%2Fwp%2Fv2%2Ftags&post=3028"}],"curies":[{"name":"wp","href":"https:\/\/api.w.org\/{rel}","templated":true}]}}