{"id":3016,"date":"2026-03-14T18:52:25","date_gmt":"2026-03-14T15:52:25","guid":{"rendered":"https:\/\/ekonomievreni.com\/?p=3016"},"modified":"2026-03-14T18:52:26","modified_gmt":"2026-03-14T15:52:26","slug":"baskan-tugaydan-14-martta-ortopedinin-cinarina-ziyaret","status":"publish","type":"post","link":"https:\/\/ekonomievreni.com\/?p=3016","title":{"rendered":"Ba\u015fkan Tugay\u2019dan 14 Mart\u2019ta ortopedinin \u00e7\u0131nar\u0131na ziyaret"},"content":{"rendered":"<p> \u0130zmir B\u00fcy\u00fck\u015fehir Belediye Ba\u015fkan\u0131 Dr. Cemil Tugay, 14 Mart T\u0131p Bayram\u0131 kapsam\u0131nda \u201cortopedinin \u00e7\u0131nar\u0131\u201d olarak an\u0131lan Prof. Dr. Veli L\u00f6k\u2019\u00fc Alsancak\u2019taki evinde ziyaret etti. Tugay, karaci\u011fer kanseriyle m\u00fccadele eden L\u00f6k\u2019e hem ge\u00e7mi\u015f olsun dedi hem de sa\u011fl\u0131k alan\u0131na yapt\u0131\u011f\u0131 katk\u0131lar nedeniyle te\u015fekk\u00fcr etti.<\/p>\n<p>\u0130zmir B\u00fcy\u00fck\u015fehir Belediye Ba\u015fkan\u0131 Dr. Cemil Tugay, 14 Mart T\u0131p Bayram\u0131 kapsam\u0131nda t\u0131p d\u00fcnyas\u0131n\u0131n sayg\u0131n isimlerinden 94 ya\u015f\u0131ndaki Prof. Dr. Veli L\u00f6k\u2019\u00fc Alsancak\u2019taki evinde ziyaret etti. Meslekte 70. y\u0131l\u0131n\u0131 geride b\u0131rakan ve karaci\u011fer kanseriyle m\u00fccadele eden L\u00f6k\u2019e ge\u00e7mi\u015f olsun dileklerini ileten Tugay, sa\u011fl\u0131k alan\u0131na yapt\u0131\u011f\u0131 katk\u0131lar nedeniyle te\u015fekk\u00fcr etti. Ziyarette E\u015frefpa\u015fa Hastanesi Ba\u015fhekimi Do\u00e7. Dr. Ba\u015fak Bayram, \u0130zmir B\u00fcy\u00fck\u015fehir Belediyesi Meclisi Katip \u00dcyesi Mustafa Vatansever, E\u015frefpa\u015fa Hastanesi Ortopedi Uzman\u0131 Op. Dr. Bayram K\u00f6se, Prof. Dr. Veli L\u00f6k\u2019\u00fcn k\u0131z\u0131 Dr. Olcay L\u00f6k de yer ald\u0131.<\/p>\n<p><strong>Tugay: Hepimize \u00f6rnek oldu<\/strong><\/p>\n<p>Ba\u015fkan Tugay, 94 ya\u015f\u0131nda olan Prof. Dr. Veli L\u00f6k\u2019\u00fcn tam 70 y\u0131l \u00f6nce \u0130stanbul T\u0131p Fak\u00fcltesi\u2019nden mezun olmu\u015f bir hekim oldu\u011funu belirterek \u201cOrtopedi alan\u0131ndaki birikimi ve insan haklar\u0131 m\u00fccadelesiyle hepimize \u00f6rnek olan Prof. Dr. Veli L\u00f6k hocam\u0131z\u0131, 14 Mart T\u0131p Bayram\u0131 vesilesiyle ziyaret ettim. Bay\u0131nd\u0131r\u2019\u0131n Yakap\u0131nar K\u00f6y\u00fc\u2019nde do\u011fup b\u00fcy\u00fcyen hocam\u0131z\u0131n ya\u015fam\u0131, mesle\u011fe adanm\u0131\u015fl\u0131\u011f\u0131n ve insanl\u0131k onurunu savunman\u0131n en g\u00fczel \u00f6rneklerinden biri. T\u00fcm hekimlerimizin ve sa\u011fl\u0131k \u00e7al\u0131\u015fanlar\u0131m\u0131z\u0131n 14 Mart T\u0131p Bayram\u0131 kutlu olsun\u201d dedi.<\/p>\n<p><strong>T\u0131p d\u00fcnyas\u0131nda iz b\u0131rakt\u0131<\/strong><\/p>\n<p>T\u00fcrkiye\u2019de artroskopi ve diz cerrahisinin \u00f6nc\u00fclerinden biri olarak kabul edilen Prof. Dr. Veli L\u00f6k, ortopedi ve travmatoloji alan\u0131nda \u00f6nemli bilimsel \u00e7al\u0131\u015fmalara imza att\u0131. \u00c7ocuk ortopedisi, do\u011fu\u015ftan kal\u00e7a \u00e7\u0131k\u0131\u011f\u0131, kal\u00e7a cerrahisi ve deformite cerrahisi \u00fczerine yapt\u0131\u011f\u0131 \u00e7al\u0131\u015fmalarla t\u0131p literat\u00fcr\u00fcne katk\u0131 sa\u011flayan L\u00f6k, akademik ya\u015fam\u0131 boyunca \u00e7ok say\u0131da hekim ve uzman yeti\u015ftirdi.<\/p>\n<p>Bilimsel \u00e7al\u0131\u015fmalar\u0131n\u0131n yan\u0131 s\u0131ra insan haklar\u0131 alan\u0131ndaki faaliyetleriyle de tan\u0131nan Prof. Dr. Veli L\u00f6k, T\u00fcrkiye \u0130nsan Haklar\u0131 Vakf\u0131\u2019n\u0131n \u0130zmir temsilcili\u011finde uzun y\u0131llar g\u00f6rev ald\u0131. \u0130\u015fkencenin t\u0131bbi olarak belgelenmesine y\u00f6nelik uluslararas\u0131 standartlar\u0131 belirleyen ve Birle\u015fmi\u015f Milletler taraf\u0131ndan kabul edilen \u201c\u0130stanbul Protokol\u00fc\u201dn\u00fcn haz\u0131rlanmas\u0131na \u00f6nc\u00fcl\u00fck eden isimler aras\u0131nda yer ald\u0131. \u0130\u015fkence izlerinin saptanmas\u0131na y\u00f6nelik kemik sintigrafisi \u00e7al\u0131\u015fmalar\u0131na da katk\u0131 sundu.<\/p>\n<p>\u0130zmir t\u0131p camias\u0131nda \u201cortopedinin \u00e7\u0131nar\u0131\u201d olarak an\u0131lan L\u00f6k, hem bilimsel katk\u0131lar\u0131 hem de etik duru\u015fuyla sayg\u0131 g\u00f6ren bir hekim olarak \u00f6ne \u00e7\u0131k\u0131yor.<\/p>\n<p>\u00a0<\/p>\n<p>\u00a0<\/p>\n<p>Kaynak: (BYZHA) Beyaz Haber Ajans\u0131<\/p>\n","protected":false},"excerpt":{"rendered":"<p>\u0130zmir B\u00fcy\u00fck\u015fehir Belediye Ba\u015fkan\u0131 Dr.<\/p>\n","protected":false},"author":1,"featured_media":3017,"comment_status":"open","ping_status":"open","sticky":false,"template":"","format":"standard","meta":{"footnotes":""},"categories":[31],"tags":[],"class_list":["post-3016","post","type-post","status-publish","format-standard","has-post-thumbnail","hentry","category-saglik"],"_links":{"self":[{"href":"https:\/\/ekonomievreni.com\/index.php?rest_route=\/wp\/v2\/posts\/3016","targetHints":{"allow":["GET"]}}],"collection":[{"href":"https:\/\/ekonomievreni.com\/index.php?rest_route=\/wp\/v2\/posts"}],"about":[{"href":"https:\/\/ekonomievreni.com\/index.php?rest_route=\/wp\/v2\/types\/post"}],"author":[{"embeddable":true,"href":"https:\/\/ekonomievreni.com\/index.php?rest_route=\/wp\/v2\/users\/1"}],"replies":[{"embeddable":true,"href":"https:\/\/ekonomievreni.com\/index.php?rest_route=%2Fwp%2Fv2%2Fcomments&post=3016"}],"version-history":[{"count":1,"href":"https:\/\/ekonomievreni.com\/index.php?rest_route=\/wp\/v2\/posts\/3016\/revisions"}],"predecessor-version":[{"id":3018,"href":"https:\/\/ekonomievreni.com\/index.php?rest_route=\/wp\/v2\/posts\/3016\/revisions\/3018"}],"wp:featuredmedia":[{"embeddable":true,"href":"https:\/\/ekonomievreni.com\/index.php?rest_route=\/wp\/v2\/media\/3017"}],"wp:attachment":[{"href":"https:\/\/ekonomievreni.com\/index.php?rest_route=%2Fwp%2Fv2%2Fmedia&parent=3016"}],"wp:term":[{"taxonomy":"category","embeddable":true,"href":"https:\/\/ekonomievreni.com\/index.php?rest_route=%2Fwp%2Fv2%2Fcategories&post=3016"},{"taxonomy":"post_tag","embeddable":true,"href":"https:\/\/ekonomievreni.com\/index.php?rest_route=%2Fwp%2Fv2%2Ftags&post=3016"}],"curies":[{"name":"wp","href":"https:\/\/api.w.org\/{rel}","templated":true}]}}