{"id":3004,"date":"2026-03-14T14:41:26","date_gmt":"2026-03-14T11:41:26","guid":{"rendered":"https:\/\/ekonomievreni.com\/?p=3004"},"modified":"2026-03-14T14:41:27","modified_gmt":"2026-03-14T11:41:27","slug":"tip-bayraminda-saglik-calisanlari-ayni-sofrada-bulustu","status":"publish","type":"post","link":"https:\/\/ekonomievreni.com\/?p=3004","title":{"rendered":"T\u0131p Bayram\u0131\u2019nda Sa\u011fl\u0131k \u00c7al\u0131\u015fanlar\u0131 Ayn\u0131 Sofrada Bulu\u015ftu"},"content":{"rendered":"<p> <span style=\"font-size:12pt\"><span style=\",serif\"><b><span style=\"font-size:14.0pt\">Beylikd\u00fcz\u00fc Belediyesi, 14 Mart T\u0131p Bayram\u0131 dolay\u0131s\u0131yla il\u00e7ede g\u00f6rev yapan sa\u011fl\u0131k \u00e7al\u0131\u015fanlar\u0131 ve aileleri i\u00e7in iftar program\u0131 d\u00fczenledi. Ramazan ay\u0131n\u0131n payla\u015fma ve dayan\u0131\u015fma ruhunun hissedildi\u011fi iftarda sa\u011fl\u0131k \u00e7al\u0131\u015fanlar\u0131 ayn\u0131 sofrada bir araya gelerek oru\u00e7lar\u0131n\u0131 a\u00e7t\u0131.<\/span><\/b><\/span><\/span><\/p>\n<p><span style=\"font-size:12pt\"><span style=\",serif\">Beylikd\u00fcz\u00fc Belediyesi, 14 Mart T\u0131p Bayram\u0131 dolay\u0131s\u0131yla il\u00e7ede g\u00f6rev yapan sa\u011fl\u0131k \u00e7al\u0131\u015fanlar\u0131 ve ailelerini iftar program\u0131nda bir araya getirdi.\u00a0 Beylikd\u00fcz\u00fc Atat\u00fcrk K\u00fclt\u00fcr ve Sanat Merkezi\u2019nde olduk\u00e7a yo\u011fun bir kat\u0131l\u0131mla ger\u00e7ekle\u015fen programa Beylikd\u00fcz\u00fc Belediyesi Meclis 1. Ba\u015fkan Vekili Serdal Mumcu\u2019nun yan\u0131 s\u0131ra belediye meclis \u00fcyeleri, ba\u015fkan yard\u0131mc\u0131lar\u0131 ve birim m\u00fcd\u00fcrleri de kat\u0131ld\u0131. Ramazan ay\u0131n\u0131n manevi atmosferinde ger\u00e7ekle\u015fen bulu\u015fmada sa\u011fl\u0131k \u00e7al\u0131\u015fanlar\u0131 ayn\u0131 sofrada oru\u00e7lar\u0131n\u0131 a\u00e7arak birlik ve dayan\u0131\u015fma mesaj\u0131 verdi.<\/span><\/span><\/p>\n<p><span style=\"font-size:12pt\"><span style=\",serif\"><b>\u201cVatanda\u015flar\u0131m\u0131z\u0131n huzuru ve rahatl\u0131\u011f\u0131 i\u00e7in sonuna kadar \u00e7al\u0131\u015fmaya devam edece\u011fiz\u201d<\/b><\/span><\/span><\/p>\n<p><span style=\"font-size:12pt\"><span style=\",serif\">Programda konu\u015fan Beylikd\u00fcz\u00fc Belediyesi Meclis 1. Ba\u015fkan Vekili Serdal Mumcu, \u201c2014 y\u0131l\u0131nda Beylikd\u00fcz\u00fc\u2019nde ger\u00e7ekle\u015fen de\u011fi\u015fimle birlikte kurulan Sa\u011fl\u0131k \u0130\u015fleri M\u00fcd\u00fcrl\u00fc\u011f\u00fcm\u00fcz, bu zamana kadar sa\u011fl\u0131k hizmetlerine eri\u015fimi kolayla\u015ft\u0131rmak, \u00f6zellikle dezavantajl\u0131 gruplara destek olmak amac\u0131yla hizmetlerini y\u00fcr\u00fct\u00fcyor. Bug\u00fcne dek belediyemiz taraf\u0131ndan on binlerce ki\u015fiye sa\u011fl\u0131k hizmeti sunulurken \u00f6zellikle koruyucu sa\u011fl\u0131k, evde bak\u0131m ve rehabilitasyon alanlar\u0131nda yo\u011fun \u00e7al\u0131\u015fmalar yap\u0131ld\u0131. Bu s\u00fcre\u00e7te sa\u011fl\u0131k hizmetleri, sosyal belediyecilik anlay\u0131\u015f\u0131yla geli\u015ftirilmi\u015f ve il\u00e7e halk\u0131n\u0131n ya\u015fam kalitesi hedeflenmi\u015ftir. T\u00fcm bu \u00e7al\u0131\u015fmalar 2014 y\u0131l\u0131nda ba\u015flad\u0131, 2019 y\u0131l\u0131nda \u2018Beylikd\u00fcz\u00fc Akl\u0131\u2019 ile en \u00fcst seviyeye ula\u015ft\u0131. Y\u0131lmadan, b\u0131kmadan, usanmadan Beylikd\u00fcz\u00fc\u2019nde ya\u015fayan t\u00fcm vatanda\u015flar\u0131m\u0131z\u0131n huzuru ve rahatl\u0131\u011f\u0131 i\u00e7in sonuna kadar \u00e7al\u0131\u015fmaya devam edece\u011fiz. Sa\u011fl\u0131k verilen en \u00f6nemli ama en zor hizmetlerden biridir. Bu vesileyle t\u00fcm sa\u011fl\u0131k emek\u00e7ilerimizin 14 Mart T\u0131p Bayram\u0131\u2019n\u0131 kutluyorum. Allah t\u00fcm sa\u011fl\u0131k \u00e7al\u0131\u015fanlar\u0131m\u0131z\u0131 ba\u015f\u0131m\u0131zdan eksik etmesin\u201d ifadelerini kulland\u0131.<\/span><\/span><\/p>\n<p>\u00a0<\/p>\n<p>Kaynak: (BYZHA) Beyaz Haber Ajans\u0131<\/p>\n","protected":false},"excerpt":{"rendered":"<p>Beylikd\u00fcz\u00fc Belediyesi, 14 Mart T\u0131p Bayram\u0131 dolay\u0131s\u0131yla il\u00e7ede g\u00f6rev yapan sa\u011fl\u0131k \u00e7al\u0131\u015fanlar\u0131 ve aileleri i\u00e7in iftar program\u0131 d\u00fczenledi.<\/p>\n","protected":false},"author":1,"featured_media":3005,"comment_status":"open","ping_status":"open","sticky":false,"template":"","format":"standard","meta":{"footnotes":""},"categories":[31],"tags":[],"class_list":["post-3004","post","type-post","status-publish","format-standard","has-post-thumbnail","hentry","category-saglik"],"_links":{"self":[{"href":"https:\/\/ekonomievreni.com\/index.php?rest_route=\/wp\/v2\/posts\/3004","targetHints":{"allow":["GET"]}}],"collection":[{"href":"https:\/\/ekonomievreni.com\/index.php?rest_route=\/wp\/v2\/posts"}],"about":[{"href":"https:\/\/ekonomievreni.com\/index.php?rest_route=\/wp\/v2\/types\/post"}],"author":[{"embeddable":true,"href":"https:\/\/ekonomievreni.com\/index.php?rest_route=\/wp\/v2\/users\/1"}],"replies":[{"embeddable":true,"href":"https:\/\/ekonomievreni.com\/index.php?rest_route=%2Fwp%2Fv2%2Fcomments&post=3004"}],"version-history":[{"count":1,"href":"https:\/\/ekonomievreni.com\/index.php?rest_route=\/wp\/v2\/posts\/3004\/revisions"}],"predecessor-version":[{"id":3006,"href":"https:\/\/ekonomievreni.com\/index.php?rest_route=\/wp\/v2\/posts\/3004\/revisions\/3006"}],"wp:featuredmedia":[{"embeddable":true,"href":"https:\/\/ekonomievreni.com\/index.php?rest_route=\/wp\/v2\/media\/3005"}],"wp:attachment":[{"href":"https:\/\/ekonomievreni.com\/index.php?rest_route=%2Fwp%2Fv2%2Fmedia&parent=3004"}],"wp:term":[{"taxonomy":"category","embeddable":true,"href":"https:\/\/ekonomievreni.com\/index.php?rest_route=%2Fwp%2Fv2%2Fcategories&post=3004"},{"taxonomy":"post_tag","embeddable":true,"href":"https:\/\/ekonomievreni.com\/index.php?rest_route=%2Fwp%2Fv2%2Ftags&post=3004"}],"curies":[{"name":"wp","href":"https:\/\/api.w.org\/{rel}","templated":true}]}}