{"id":3001,"date":"2026-03-14T14:41:24","date_gmt":"2026-03-14T11:41:24","guid":{"rendered":"https:\/\/ekonomievreni.com\/?p=3001"},"modified":"2026-03-14T14:41:25","modified_gmt":"2026-03-14T11:41:25","slug":"manisa-buyuksehir-belediyesinden-tip-bayramina-ozel-isiklandirma","status":"publish","type":"post","link":"https:\/\/ekonomievreni.com\/?p=3001","title":{"rendered":"Manisa B\u00fcy\u00fck\u015fehir Belediyesinden T\u0131p Bayram\u0131\u2019na \u00d6zel I\u015f\u0131kland\u0131rma"},"content":{"rendered":"\n<p style=\"text-align:justify\"><span style=\"font-size:12pt\"><span><span style=\",serif\"><span style=\",sans-serif\">Manisa B\u00fcy\u00fck\u015fehir Belediyesi, 14 Mart T\u0131p Bayram\u0131 dolay\u0131s\u0131yla sa\u011fl\u0131k \u00e7al\u0131\u015fanlar\u0131n\u0131n fedakarca y\u00fcr\u00fctt\u00fc\u011f\u00fc g\u00f6reve dikkat \u00e7ekmek ad\u0131na anlaml\u0131 bir \u0131\u015f\u0131kland\u0131rma \u00e7al\u0131\u015fmas\u0131 yapt\u0131.<\/span><\/span><\/span><\/span><\/p>\n<p style=\"text-align:justify\"><span style=\"font-size:12pt\"><span><span style=\",serif\"><span style=\",sans-serif\">Manisa B\u00fcy\u00fck\u015fehir Belediye hizmet binas\u0131, sa\u011fl\u0131k camias\u0131n\u0131n simgesi olan ye\u015fil ve beyaz renklerle \u0131\u015f\u0131kland\u0131r\u0131ld\u0131. Gece saatlerinde \u015fehri selamlayan bu \u00f6zel ayd\u0131nlatma, t\u00fcm sa\u011fl\u0131k personeline duyulan derin sayg\u0131y\u0131 ve dayan\u0131\u015fma mesaj\u0131n\u0131 yans\u0131tt\u0131.<\/span><\/span><\/span><\/span><\/p>\n<p style=\"text-align:justify\"><span style=\"font-size:12pt\"><span><span style=\",serif\"><span style=\",sans-serif\">Manisa B\u00fcy\u00fck\u015fehir Belediye Ba\u015fkan\u0131 Besim Dutlulu, insan hayat\u0131n\u0131 korumak i\u00e7in gece g\u00fcnd\u00fcz demeden, b\u00fcy\u00fck bir \u00f6zveriyle \u00e7al\u0131\u015fan t\u00fcm hekimlerin ve sa\u011fl\u0131k personelinin 14 Mart T\u0131p Bayram\u0131\u2019n\u0131 kutlayarak, emeklerinin her \u015feyin \u00fczerinde oldu\u011funu vurgulad\u0131.<\/span><\/span><\/span><\/span><\/p>\n<p style=\"text-align:justify\"><span style=\"font-size:12pt\"><span><span style=\",serif\"><span style=\",sans-serif\">Manisa B\u00fcy\u00fck\u015fehir Belediyesi, bu g\u00f6rsel fark\u0131ndal\u0131k \u00e7al\u0131\u015fmas\u0131yla sa\u011fl\u0131k \u00e7al\u0131\u015fanlar\u0131n\u0131n yan\u0131nda oldu\u011funu bir kez daha hat\u0131rlatt\u0131.<\/span><\/span><\/span><\/span><\/p>\n<p style=\"text-align:justify\">\u00a0<\/p>\n<p>Kaynak: (BYZHA) Beyaz Haber Ajans\u0131<\/p>\n","protected":false},"excerpt":{"rendered":"<p>Manisa B\u00fcy\u00fck\u015fehir Belediyesi, 14 Mart T\u0131p Bayram\u0131 dolay\u0131s\u0131yla sa\u011fl\u0131k \u00e7al\u0131\u015fanlar\u0131n\u0131n fedakarca y\u00fcr\u00fctt\u00fc\u011f\u00fc g\u00f6reve dikkat \u00e7ekmek ad\u0131na anlaml\u0131 bir \u0131\u015f\u0131kland\u0131rma \u00e7al\u0131\u015fmas\u0131 yapt\u0131.<\/p>\n","protected":false},"author":1,"featured_media":3002,"comment_status":"open","ping_status":"open","sticky":false,"template":"","format":"standard","meta":{"footnotes":""},"categories":[31],"tags":[],"class_list":["post-3001","post","type-post","status-publish","format-standard","has-post-thumbnail","hentry","category-saglik"],"_links":{"self":[{"href":"https:\/\/ekonomievreni.com\/index.php?rest_route=\/wp\/v2\/posts\/3001","targetHints":{"allow":["GET"]}}],"collection":[{"href":"https:\/\/ekonomievreni.com\/index.php?rest_route=\/wp\/v2\/posts"}],"about":[{"href":"https:\/\/ekonomievreni.com\/index.php?rest_route=\/wp\/v2\/types\/post"}],"author":[{"embeddable":true,"href":"https:\/\/ekonomievreni.com\/index.php?rest_route=\/wp\/v2\/users\/1"}],"replies":[{"embeddable":true,"href":"https:\/\/ekonomievreni.com\/index.php?rest_route=%2Fwp%2Fv2%2Fcomments&post=3001"}],"version-history":[{"count":1,"href":"https:\/\/ekonomievreni.com\/index.php?rest_route=\/wp\/v2\/posts\/3001\/revisions"}],"predecessor-version":[{"id":3003,"href":"https:\/\/ekonomievreni.com\/index.php?rest_route=\/wp\/v2\/posts\/3001\/revisions\/3003"}],"wp:featuredmedia":[{"embeddable":true,"href":"https:\/\/ekonomievreni.com\/index.php?rest_route=\/wp\/v2\/media\/3002"}],"wp:attachment":[{"href":"https:\/\/ekonomievreni.com\/index.php?rest_route=%2Fwp%2Fv2%2Fmedia&parent=3001"}],"wp:term":[{"taxonomy":"category","embeddable":true,"href":"https:\/\/ekonomievreni.com\/index.php?rest_route=%2Fwp%2Fv2%2Fcategories&post=3001"},{"taxonomy":"post_tag","embeddable":true,"href":"https:\/\/ekonomievreni.com\/index.php?rest_route=%2Fwp%2Fv2%2Ftags&post=3001"}],"curies":[{"name":"wp","href":"https:\/\/api.w.org\/{rel}","templated":true}]}}