{"id":2995,"date":"2026-03-14T13:57:42","date_gmt":"2026-03-14T10:57:42","guid":{"rendered":"https:\/\/ekonomievreni.com\/?p=2995"},"modified":"2026-03-14T13:57:43","modified_gmt":"2026-03-14T10:57:43","slug":"gul-gokce-korkmaz-muzigin-multitasking-kizi-olma-yolunda","status":"publish","type":"post","link":"https:\/\/ekonomievreni.com\/?p=2995","title":{"rendered":"G\u00fcl G\u00f6k\u00e7e Korkmaz, m\u00fczi\u011fin &#8216;Multitasking K\u0131z\u0131&#8217; olma yolunda"},"content":{"rendered":"<p> Son olarak Sezen Aksu\u2019nun unutulmaz \u015fark\u0131s\u0131 \u201cSar\u0131 Odalar\u201da katt\u0131\u011f\u0131 yorumla ad\u0131ndan s\u00f6z ettiren G\u00fcl G\u00f6k\u00e7e Korkmaz, her \u00e7al\u0131\u015fmas\u0131 i\u00e7in yaratt\u0131\u011f\u0131 farkl\u0131 d\u00fcnyayla \u201c\u00e7ok y\u00f6nl\u00fcl\u00fc\u011f\u00fcn\u00fc\u201d ortaya koyuyor.\u00a0<\/p>\n<p>\u201cSar\u0131 Odalar\u201d \u015fark\u0131s\u0131n\u0131n ruhunu yans\u0131tmak i\u00e7in de\u011fi\u015fime giden G\u00fcl G\u00f6k\u00e7e Korkmaz \u015fark\u0131y\u0131 okumaya bile girmeden aylar \u00f6nce \u201cSar\u0131\u015f\u0131n\u201d olarak \u015fark\u0131n\u0131n ruhuna girmek i\u00e7in gerekli g\u00f6r\u00fcn\u00fcme kavu\u015fmu\u015ftu.\u00a0<\/p>\n<p>Sezen Aksu&#8217;nun en zorlu par\u00e7alar\u0131ndan birini ba\u015far\u0131yla seslendiren Korkmaz\u2019\u0131n, \u015fark\u0131ya katt\u0131\u011f\u0131 naif yorum da dikkat \u00e7ekerken g\u00fczel \u015fark\u0131ya her \u015fark\u0131s\u0131 ve her yeni projesi i\u00e7in kendisine yeni bir d\u00fcnya yaratarak oyunculuk ve modellikten gelen \u00e7ok y\u00f6nl\u00fcl\u00fc\u011f\u00fcn\u00fc \u015fark\u0131c\u0131l\u0131\u011f\u0131na da yans\u0131tt\u0131.<\/p>\n<p>\u201cSar\u0131 Odalar\u201dla birlikte y\u00fckselme d\u00f6nemini ya\u015fad\u0131\u011f\u0131n\u0131 vurgulayan G\u00fcl G\u00f6k\u00e7e Korkmaz, g\u00f6rsel olarak da g\u00fc\u00e7l\u00fc kalmaya devam ederek \u201cMultitasking Girl\u201d lakab\u0131n\u0131 hak etmeye devam edece\u011fini s\u00f6yledi.<\/p>\n<p>Kaynak: (BYZHA) Beyaz Haber Ajans\u0131<\/p>\n","protected":false},"excerpt":{"rendered":"<p>Son olarak Sezen Aksu\u2019nun unutulmaz \u015fark\u0131s\u0131 \u201cSar\u0131 Odalar\u201da katt\u0131\u011f\u0131 yorumla ad\u0131ndan s\u00f6z ettiren G\u00fcl G\u00f6k\u00e7e Korkmaz, her \u00e7al\u0131\u015fmas\u0131 i\u00e7in yaratt\u0131\u011f\u0131 farkl\u0131 d\u00fcnyayla \u201c\u00e7ok y\u00f6nl\u00fcl\u00fc\u011f\u00fcn\u00fc\u201d ortaya koyuyor.<\/p>\n","protected":false},"author":1,"featured_media":2996,"comment_status":"open","ping_status":"open","sticky":false,"template":"","format":"standard","meta":{"footnotes":""},"categories":[1],"tags":[],"class_list":["post-2995","post","type-post","status-publish","format-standard","has-post-thumbnail","hentry","category-magazin"],"_links":{"self":[{"href":"https:\/\/ekonomievreni.com\/index.php?rest_route=\/wp\/v2\/posts\/2995","targetHints":{"allow":["GET"]}}],"collection":[{"href":"https:\/\/ekonomievreni.com\/index.php?rest_route=\/wp\/v2\/posts"}],"about":[{"href":"https:\/\/ekonomievreni.com\/index.php?rest_route=\/wp\/v2\/types\/post"}],"author":[{"embeddable":true,"href":"https:\/\/ekonomievreni.com\/index.php?rest_route=\/wp\/v2\/users\/1"}],"replies":[{"embeddable":true,"href":"https:\/\/ekonomievreni.com\/index.php?rest_route=%2Fwp%2Fv2%2Fcomments&post=2995"}],"version-history":[{"count":1,"href":"https:\/\/ekonomievreni.com\/index.php?rest_route=\/wp\/v2\/posts\/2995\/revisions"}],"predecessor-version":[{"id":2997,"href":"https:\/\/ekonomievreni.com\/index.php?rest_route=\/wp\/v2\/posts\/2995\/revisions\/2997"}],"wp:featuredmedia":[{"embeddable":true,"href":"https:\/\/ekonomievreni.com\/index.php?rest_route=\/wp\/v2\/media\/2996"}],"wp:attachment":[{"href":"https:\/\/ekonomievreni.com\/index.php?rest_route=%2Fwp%2Fv2%2Fmedia&parent=2995"}],"wp:term":[{"taxonomy":"category","embeddable":true,"href":"https:\/\/ekonomievreni.com\/index.php?rest_route=%2Fwp%2Fv2%2Fcategories&post=2995"},{"taxonomy":"post_tag","embeddable":true,"href":"https:\/\/ekonomievreni.com\/index.php?rest_route=%2Fwp%2Fv2%2Ftags&post=2995"}],"curies":[{"name":"wp","href":"https:\/\/api.w.org\/{rel}","templated":true}]}}