{"id":2989,"date":"2026-03-14T13:57:37","date_gmt":"2026-03-14T10:57:37","guid":{"rendered":"https:\/\/ekonomievreni.com\/?p=2989"},"modified":"2026-03-14T13:57:38","modified_gmt":"2026-03-14T10:57:38","slug":"artas-holdingden-uluslararasi-buyume-hedefleri-dogrultusunda-onemli-adim","status":"publish","type":"post","link":"https:\/\/ekonomievreni.com\/?p=2989","title":{"rendered":"Arta\u015f Holding&#8217;den Uluslararas\u0131 B\u00fcy\u00fcme Hedefleri Do\u011frultusunda \u00d6nemli Ad\u0131m"},"content":{"rendered":"<p> <b><i>Arta\u015f Holding, MIPIM\u2019de Umman ile yeni yat\u0131r\u0131m f\u0131rsatlar\u0131n\u0131 de\u011ferlendiriyor<\/i><\/b><\/p>\n<p>Yar\u0131m asra yakla\u015fan tecr\u00fcbesiyle T\u00fcrkiye\u2019nin k\u00f6kl\u00fc markalar\u0131 aras\u0131nda yer alan Arta\u015f Holding, T\u00fcrkiye temsilcili\u011fini Alka\u015f\u2019\u0131n \u00fcstlendi\u011fi, MIPIM Fuar\u0131 kapsam\u0131nda Umman ile \u00f6nemli bir i\u015f birli\u011fi anla\u015fmas\u0131na imza att\u0131. T\u00fcrkiye\u2019de Avrupa Konutlar\u0131 markas\u0131yla 46 binin \u00fczerinde konut teslim eden Arta\u015f Holding, sahip oldu\u011fu g\u00fc\u00e7l\u00fc deneyimi uluslararas\u0131 projelere ta\u015f\u0131may\u0131 hedeflerken, \u00f6n\u00fcm\u00fczdeki d\u00f6nemde Umman\u2019\u0131n \u015fehircilik vizyonuna katk\u0131 sa\u011flamay\u0131 ve yeni yat\u0131r\u0131m f\u0131rsatlar\u0131n\u0131 de\u011ferlendirmeyi planl\u0131yor.<\/p>\n<p><b>\u0130K\u0130 \u00dcLKE ARASINDAK\u0130 FIRSATLAR DE\u011eERLEND\u0130R\u0130LD\u0130<\/b><\/p>\n<p>Fransa\u2019n\u0131n Cannes kentinde ger\u00e7ekle\u015ftirilen ve d\u00fcnyan\u0131n en prestijli gayrimenkul fuarlar\u0131 aras\u0131nda yer alan MIPIM\u2019de, T\u00fcrkiye ile Umman aras\u0131ndaki ekonomik ili\u015fkileri ve yat\u0131r\u0131m ortakl\u0131klar\u0131n\u0131 g\u00fc\u00e7lendirecek \u00f6nemli bir temas ger\u00e7ekle\u015ftirildi. G\u00f6r\u00fc\u015fmeye Arta\u015f Holding Y\u00f6netim Kurulu Ba\u015fkan\u0131 S\u00fcleyman \u00c7etinsaya ve Y\u00f6netim Kurulu Ba\u015fkan Vekili Serhan \u00c7etinsaya ile T\u00fcrkiye Cumhuriyeti Cumhurba\u015fkanl\u0131\u011f\u0131 Yat\u0131r\u0131m ve Finans Ofisi Ba\u015fkan\u0131 Burak Da\u011fl\u0131o\u011flu kat\u0131ld\u0131. Heyet, Umman Konut ve \u015eehir Planlama Bakan\u0131 Khalfan bin Saeed bin Mubarak Al-Shueili ile bir araya gelerek iki \u00fclke aras\u0131nda geli\u015ftirilebilecek ortak projeleri ve yat\u0131r\u0131m f\u0131rsatlar\u0131n\u0131 de\u011ferlendirdi.<\/p>\n<p><b>ARTA\u015e HOLD\u0130NG, G\u00dc\u00c7L\u00dc TECR\u00dcBES\u0130N\u0130 ULUSLARARASI PROJELERE TA\u015eIYACAK<\/b><\/p>\n<p>Uluslararas\u0131 platformlarda yeni i\u015f birlikleri geli\u015ftirmeyi hedefleyen Arta\u015f Holding, gayrimenkul geli\u015ftirme alan\u0131ndaki g\u00fc\u00e7l\u00fc deneyimini farkl\u0131 co\u011frafyalara ta\u015f\u0131yarak k\u00fcresel \u00f6l\u00e7ekteki projelerde yer almay\u0131 hedefliyor. Arta\u015f Holding yetkilileri, bu \u00f6nemli i\u015f birli\u011finin hem T\u00fcrkiye hem de Umman i\u00e7in uzun vadeli ve verimli sonu\u00e7lar do\u011furmas\u0131n\u0131 temenni ettiklerini ifade etti.<\/p>\n<p>Kaynak: (BYZHA) Beyaz Haber Ajans\u0131<\/p>\n","protected":false},"excerpt":{"rendered":"<p>Arta\u015f Holding, MIPIM\u2019de Umman ile yeni yat\u0131r\u0131m f\u0131rsatlar\u0131n\u0131 de\u011ferlendiriyor    Yar\u0131m asra yakla\u015fan tecr\u00fcbesiyle T\u00fcrkiye\u2019nin k\u00f6kl\u00fc markalar\u0131 aras\u0131nda yer alan Arta\u015f Holding, T\u00fcrkiye temsilcili\u011fini Alka\u015f\u2019\u0131n \u00fcstlendi\u011fi, MIPIM Fuar\u0131 kapsam\u0131nda Umman ile \u00f6nemli bir i\u015f birli\u011fi anla\u015fmas\u0131na imza att\u0131.<\/p>\n","protected":false},"author":1,"featured_media":2990,"comment_status":"open","ping_status":"open","sticky":false,"template":"","format":"standard","meta":{"footnotes":""},"categories":[30],"tags":[],"class_list":["post-2989","post","type-post","status-publish","format-standard","has-post-thumbnail","hentry","category-ekonomi"],"_links":{"self":[{"href":"https:\/\/ekonomievreni.com\/index.php?rest_route=\/wp\/v2\/posts\/2989","targetHints":{"allow":["GET"]}}],"collection":[{"href":"https:\/\/ekonomievreni.com\/index.php?rest_route=\/wp\/v2\/posts"}],"about":[{"href":"https:\/\/ekonomievreni.com\/index.php?rest_route=\/wp\/v2\/types\/post"}],"author":[{"embeddable":true,"href":"https:\/\/ekonomievreni.com\/index.php?rest_route=\/wp\/v2\/users\/1"}],"replies":[{"embeddable":true,"href":"https:\/\/ekonomievreni.com\/index.php?rest_route=%2Fwp%2Fv2%2Fcomments&post=2989"}],"version-history":[{"count":1,"href":"https:\/\/ekonomievreni.com\/index.php?rest_route=\/wp\/v2\/posts\/2989\/revisions"}],"predecessor-version":[{"id":2991,"href":"https:\/\/ekonomievreni.com\/index.php?rest_route=\/wp\/v2\/posts\/2989\/revisions\/2991"}],"wp:featuredmedia":[{"embeddable":true,"href":"https:\/\/ekonomievreni.com\/index.php?rest_route=\/wp\/v2\/media\/2990"}],"wp:attachment":[{"href":"https:\/\/ekonomievreni.com\/index.php?rest_route=%2Fwp%2Fv2%2Fmedia&parent=2989"}],"wp:term":[{"taxonomy":"category","embeddable":true,"href":"https:\/\/ekonomievreni.com\/index.php?rest_route=%2Fwp%2Fv2%2Fcategories&post=2989"},{"taxonomy":"post_tag","embeddable":true,"href":"https:\/\/ekonomievreni.com\/index.php?rest_route=%2Fwp%2Fv2%2Ftags&post=2989"}],"curies":[{"name":"wp","href":"https:\/\/api.w.org\/{rel}","templated":true}]}}