{"id":2974,"date":"2026-03-14T10:18:38","date_gmt":"2026-03-14T07:18:38","guid":{"rendered":"https:\/\/ekonomievreni.com\/?p=2974"},"modified":"2026-03-14T10:18:38","modified_gmt":"2026-03-14T07:18:38","slug":"asperger-sendromlu-yuksek-muhendis-esrefpasa-hastanesinde-gorevde","status":"publish","type":"post","link":"https:\/\/ekonomievreni.com\/?p=2974","title":{"rendered":"Asperger sendromlu y\u00fcksek m\u00fchendis, E\u015frefpa\u015fa Hastanesi\u2019nde g\u00f6revde"},"content":{"rendered":"<p> T\u00fcrkiye\u2019nin bilinen ilk asperger sendromlu biyomedikal y\u00fcksek m\u00fchendisi O\u011fuzhan Efe Sapmaz, \u0130zmir B\u00fcy\u00fck\u015fehir Belediyesi Destekli \u0130stihdam Ofisi\u2019ne ba\u015fvurarak E\u015frefpa\u015fa Hastanesi\u2019nde i\u015fe ba\u015flad\u0131. Otizmin y\u00fcksek i\u015flevli bir spektrumu olan asperger sendromuna sahip 30 ya\u015f\u0131ndaki Sapmaz, \u201c\u0130\u015fimde \u00e7ok mutluyum. Benim hik\u00e2yem, benim durumumda olanlara \u00f6rnek olacak\u201d dedi.<\/p>\n<p>\u0130zmir B\u00fcy\u00fck\u015fehir Belediyesi, ba\u015fta n\u00f6ro\u00e7e\u015fitli olmak \u00fczere kentte ya\u015fayan t\u00fcm engel gruplar\u0131ndan ki\u015filerin istihdam edilmesi ve i\u015f s\u00fcrecinde i\u015f ko\u00e7u deste\u011fi almas\u0131n\u0131 sa\u011flamak amac\u0131yla T\u00fcrkiye\u2019de ilk kez Destekli \u0130stihdam Ofisi\u2019ni kurdu. Engelli \u00c7al\u0131\u015fmalar\u0131 \u015eube M\u00fcd\u00fcrl\u00fc\u011f\u00fc b\u00fcnyesinde faaliyet g\u00f6steren ofis, bir y\u0131lda 53 ki\u015fiyi hem \u00f6zel sekt\u00f6rde hem de kamu kurum ve kurulu\u015flar\u0131nda i\u015f g\u00fcc\u00fcne katt\u0131. Onlardan biri de \u0130zmir B\u00fcy\u00fck\u015fehir Belediyesi E\u015frefpa\u015fa Hastanesi\u2019nde g\u00f6reve ba\u015flayan T\u00fcrkiye\u2019nin bilinen ilk asperger sendromlu biyomedikal y\u00fcksek m\u00fchendisi O\u011fuzhan Efe Sapmaz oldu. Ofiste g\u00f6rev alan i\u015f ko\u00e7lar\u0131n\u0131n deste\u011fi ile kendi alan\u0131na uygun bir i\u015fe y\u00f6nlendirilen Sapmaz, E\u015frefpa\u015fa Hastanesi\u2019nde kullan\u0131lan cihazlar\u0131n tamir, bak\u0131m ve kalibrasyonunu yap\u0131yor. Hem i\u015fe giri\u015f hem de i\u015fe al\u0131\u015fma s\u00fcrecinde Destekli \u0130stihdam Ofisi\u2019nin pek \u00e7ok deste\u011fini g\u00f6rd\u00fc\u011f\u00fcn\u00fc belirten Sapmaz, \u201c\u00c7al\u0131\u015fmaya devam ediyorum ve hastaneyi daha da ileriye ta\u015f\u0131yaca\u011f\u0131m. Benden sonrakilere rehber oldu\u011fumu d\u00fc\u015f\u00fcn\u00fcyorum. Benim hik\u00e2yem, benim durumumda olanlara \u00f6rnek olacak\u201d diye konu\u015ftu.<\/p>\n<p><strong>\u201c\u0130\u015fin mutfa\u011f\u0131nda daha iyiyim\u201d<\/strong><\/p>\n<p>K\u0131sa s\u00fcre \u00f6nce i\u015fe ba\u015flayan Sapmaz, Destekli \u0130stihdam Ofisi\u2019ne ba\u015fvurusu hakk\u0131nda \u015funlar\u0131 s\u00f6yledi: \u201cBen biyomedikal m\u00fchendisli\u011fi b\u00f6l\u00fcm\u00fcnden mezun oldum, sonras\u0131nda da ayn\u0131 \u00fcniversitede biyom\u00fchendislik \u00fczerine y\u00fcksek lisans yapt\u0131m. Mezun olduktan sonra ameliyat yataklar\u0131 \u00fcreten bir firmada \u00e7al\u0131\u015ft\u0131m. Bir s\u00fcre de diyaliz cihazlar\u0131n\u0131n distrib\u00fct\u00f6rl\u00fc\u011f\u00fcn\u00fc yapan firmada \u00e7al\u0131\u015ft\u0131m. Destekli \u0130stihdam Ofisi\u2019ne 2024 y\u0131l\u0131n\u0131n kas\u0131m ay\u0131nda ba\u015fvurdum. Bana orada \u00e7ok yard\u0131mc\u0131 oldular. Onlara mesle\u011fimi ve daha \u00f6nce \u00e7al\u0131\u015ft\u0131\u011f\u0131m yerleri s\u00f6yledim. Onlar da i\u015f bulmam konusunda bir\u00e7ok firmayla g\u00f6r\u00fc\u015ft\u00fc. En sonunda E\u015frefpa\u015fa Hastanesi\u2019nde i\u015fe ba\u015flad\u0131m. Burada hastanedeki cihazlar\u0131n tamirini, bak\u0131m\u0131n\u0131, kalibrasyonunu yap\u0131yoruz. \u00d6rne\u011fin bu sabah bir tansiyon aletinin kalibrasyonunu yapt\u0131k. \u015eu an \u00e7ok mutluyum. Mezun oldu\u011fumdan beri bu i\u015fin mutfa\u011f\u0131nda \u00e7al\u0131\u015faca\u011f\u0131m bir g\u00f6rev yapmak istiyordum ama genelde hep sat\u0131\u015fla ilgili teklifler al\u0131yordum. \u0130nsanlar\u0131 ikna etmede ba\u015far\u0131l\u0131 de\u011filim, cihazlar konusunda daha iyi oldu\u011fumu d\u00fc\u015f\u00fcn\u00fcyorum. Destekli \u0130stihdam Ofisi bana ger\u00e7ekten yard\u0131mc\u0131 oldu.\u201d<\/p>\n<p><strong>\u201cUyumlu bir \u015fekilde \u00e7al\u0131\u015f\u0131yor\u201d<\/strong><\/p>\n<p>Destekli \u0130stihdam Ofisi, bireylerin yetenek ve ilgi alanlar\u0131na uygun i\u015f f\u0131rsatlar\u0131n\u0131 belirliyor, i\u015fe yerle\u015ftirme s\u00fcrecini y\u00f6netiyor ve istihdam edilen bireylerin i\u015f yerindeki geli\u015fimini takip ediyor. \u00d6nce birey analizini tamamlay\u0131p ard\u0131ndan adaya uygun \u00f6zel sekt\u00f6r ve kamu kurum ve kurulu\u015flar\u0131yla g\u00f6r\u00fc\u015fen i\u015f ko\u00e7lar\u0131, adaylar\u0131n istihdam s\u00fcreci ba\u015flad\u0131\u011f\u0131nda da evrak haz\u0131rlama, sa\u011fl\u0131k raporu alma gibi konularda adaya destek oluyor. \u0130\u015f ko\u00e7lar\u0131, i\u015f ba\u015f\u0131 yapan yurtta\u015f\u0131n i\u015fe al\u0131\u015fmas\u0131 ve i\u015fin s\u00fcrd\u00fcr\u00fclebilir olmas\u0131 i\u00e7in de deste\u011fini s\u00fcrd\u00fcr\u00fcyor. Sapmaz\u2019\u0131n istihdam s\u00fcreciyle ilgilenen i\u015f ko\u00e7lar\u0131ndan Cansu \u00c7oban, \u201cO\u011fuzhan Efe Sapmaz, ofisimize ba\u015fvurdu\u011funda di\u011fer adaylarda oldu\u011fu gibi onu yak\u0131ndan tan\u0131mak i\u00e7in ki\u015fi analizi yapt\u0131k. Sadece ki\u015finin beyan\u0131na istinaden de\u011fil, bizim de g\u00f6zlemlerimize dayanarak i\u015fe uygunlu\u011funu tespit ediyoruz. Kendisinin mesleki ve sosyal becerilerini g\u00f6zlemledik. O\u011fuzhan Efe Sapmaz, i\u015fe ba\u015flad\u0131\u011f\u0131nda h\u0131zl\u0131 s\u00fcrede ortama ve i\u015fe adapte oldu. \u015eu anda uyumlu bir \u015fekilde \u00e7al\u0131\u015f\u0131yor\u201d ifadelerini kulland\u0131.<\/p>\n<p><strong>\u201cGurur duyuyoruz\u201d<\/strong><\/p>\n<p>Sapmaz\u2019\u0131n \u0130ZELMAN A\u015e b\u00fcnyesinde i\u015fe ba\u015flad\u0131\u011f\u0131n\u0131 kaydeden \u0130ZELMAN A\u015e Genel M\u00fcd\u00fcr Yard\u0131mc\u0131s\u0131 \u0130lknur Tanr\u0131verdi ise \u201cO\u011fuzhan Efe Sapmaz, Destekli \u0130stihdam Ofisi\u2019ne ba\u015fvurup \u0130ZELMAN A\u015e Genel M\u00fcd\u00fcrl\u00fc\u011f\u00fc b\u00fcnyesinde engelli kadrosundan i\u015fe kabul edildi ve E\u015frefpa\u015fa Hastanesi\u2019nde biyomedikal m\u00fchendis olarak g\u00f6reve ba\u015flad\u0131. O\u011fuzhan Efe Sapmaz, T\u00fcrkiye\u2019de bilinen ilk asperger sendromlu y\u00fcksek biyomedikal m\u00fchendisi olan bir arkada\u015f\u0131m\u0131z ve onunla \u00e7al\u0131\u015fmaktan b\u00fcy\u00fck gurur duyuyoruz. Biz de onun gibi di\u011fer arkada\u015flar\u0131m\u0131z\u0131 engelli kadromuz \u00fczerinden b\u00fcnyemize dahil etmek i\u00e7in gerekli \u00e7al\u0131\u015fmalar\u0131 y\u00fcr\u00fct\u00fcyoruz. Bundan sonraki engelli personel i\u015fe al\u0131mlar\u0131m\u0131zda Destekli \u0130stihdam Ofisi\u2019nde g\u00f6revli i\u015f ko\u00e7lar\u0131m\u0131z s\u00fcreci bizimle beraber y\u00fcr\u00fctecek. Onlara da te\u015fekk\u00fcr ediyoruz\u201d s\u00f6zlerine yer verdi.<\/p>\n<p>\u00a0<\/p>\n<p>\u00a0<\/p>\n<p>Kaynak: (BYZHA) Beyaz Haber Ajans\u0131<\/p>\n","protected":false},"excerpt":{"rendered":"<p>T\u00fcrkiye\u2019nin bilinen ilk asperger sendromlu biyomedikal y\u00fcksek m\u00fchendisi O\u011fuzhan Efe Sapmaz, \u0130zmir B\u00fcy\u00fck\u015fehir Belediyesi Destekli \u0130stihdam Ofisi\u2019ne ba\u015fvurarak E\u015frefpa\u015fa Hastanesi\u2019nde i\u015fe ba\u015flad\u0131.<\/p>\n","protected":false},"author":1,"featured_media":2975,"comment_status":"open","ping_status":"open","sticky":false,"template":"","format":"standard","meta":{"footnotes":""},"categories":[31],"tags":[],"class_list":["post-2974","post","type-post","status-publish","format-standard","has-post-thumbnail","hentry","category-saglik"],"_links":{"self":[{"href":"https:\/\/ekonomievreni.com\/index.php?rest_route=\/wp\/v2\/posts\/2974","targetHints":{"allow":["GET"]}}],"collection":[{"href":"https:\/\/ekonomievreni.com\/index.php?rest_route=\/wp\/v2\/posts"}],"about":[{"href":"https:\/\/ekonomievreni.com\/index.php?rest_route=\/wp\/v2\/types\/post"}],"author":[{"embeddable":true,"href":"https:\/\/ekonomievreni.com\/index.php?rest_route=\/wp\/v2\/users\/1"}],"replies":[{"embeddable":true,"href":"https:\/\/ekonomievreni.com\/index.php?rest_route=%2Fwp%2Fv2%2Fcomments&post=2974"}],"version-history":[{"count":1,"href":"https:\/\/ekonomievreni.com\/index.php?rest_route=\/wp\/v2\/posts\/2974\/revisions"}],"predecessor-version":[{"id":2976,"href":"https:\/\/ekonomievreni.com\/index.php?rest_route=\/wp\/v2\/posts\/2974\/revisions\/2976"}],"wp:featuredmedia":[{"embeddable":true,"href":"https:\/\/ekonomievreni.com\/index.php?rest_route=\/wp\/v2\/media\/2975"}],"wp:attachment":[{"href":"https:\/\/ekonomievreni.com\/index.php?rest_route=%2Fwp%2Fv2%2Fmedia&parent=2974"}],"wp:term":[{"taxonomy":"category","embeddable":true,"href":"https:\/\/ekonomievreni.com\/index.php?rest_route=%2Fwp%2Fv2%2Fcategories&post=2974"},{"taxonomy":"post_tag","embeddable":true,"href":"https:\/\/ekonomievreni.com\/index.php?rest_route=%2Fwp%2Fv2%2Ftags&post=2974"}],"curies":[{"name":"wp","href":"https:\/\/api.w.org\/{rel}","templated":true}]}}