{"id":2962,"date":"2026-03-14T03:53:37","date_gmt":"2026-03-14T00:53:37","guid":{"rendered":"https:\/\/ekonomievreni.com\/?p=2962"},"modified":"2026-03-14T03:53:38","modified_gmt":"2026-03-14T00:53:38","slug":"longines-dunya-kadinlar-gununu-zarafet-ve-ilhamla-kutladi","status":"publish","type":"post","link":"https:\/\/ekonomievreni.com\/?p=2962","title":{"rendered":"Longines, D\u00fcnya Kad\u0131nlar G\u00fcn\u00fc&#8217;n\u00fc zarafet ve ilhamla kutlad\u0131"},"content":{"rendered":"<p> <b>\u0130svi\u00e7reli l\u00fcks saat markas\u0131 Longines, marka dostlar\u0131 ile D\u00fcnya Kad\u0131nlar G\u00fcn\u00fc\u2019n\u00fc kutlad\u0131\u00a0<\/b><\/p>\n<p>\u0130svi\u00e7reli l\u00fcks saat markas\u0131 Longines, D\u00fcnya Kad\u0131nlar G\u00fcn\u00fc\u2019n\u00fc marka dostlar\u0131n\u0131n kat\u0131l\u0131m\u0131yla d\u00fczenlenen \u00f6zel bir davette kutlad\u0131. La Scarpetta Etiler\u2019de ger\u00e7ekle\u015fen davette konuklar, Longines\u2019in zarafet ve cesaretle \u015fekillenen k\u00f6kl\u00fc miras\u0131n\u0131 ve markan\u0131n tarihine ilham veren \u00f6nc\u00fc kad\u0131nlar\u0131n hik\u00e2yelerini dinleme f\u0131rsat\u0131 buldu.<\/p>\n<p>\u201cZarafet bir duru\u015ftur\u201d mottosundan ilham alan davetin dekorasyonu, markan\u0131n do\u011fdu\u011fu \u0130svi\u00e7re\u2019nin Saint-Imier kasabas\u0131n\u0131n da\u011f \u00e7i\u00e7eklerini \u00e7a\u011fr\u0131\u015ft\u0131ran detaylarla haz\u0131rland\u0131. Renkli ve zarif atmosferiyle dikkat \u00e7eken etkinlikte davetliler, Longines\u2019in tarih boyunca s\u0131n\u0131rlar\u0131 zorlayan kad\u0131nlarla kurdu\u011fu g\u00fc\u00e7l\u00fc ba\u011f\u0131 ke\u015ffetti. Havac\u0131l\u0131k tarihine damga vuran Amelia Earhart, Amy Johnson ve Jacqueline Cochran gibi \u00f6nc\u00fc kad\u0131nlar; cesaretleri ve kararl\u0131l\u0131klar\u0131yla markan\u0131n miras\u0131nda \u00f6nemli bir yer tutuyor.<\/p>\n<p>Etkinlik kapsam\u0131nda Live to Bloom platformunun kurucusu Ceren Ceylan Erta\u00e7\u2019\u0131n moderat\u00f6rl\u00fc\u011f\u00fcnde \u201cZamana Y\u00f6n Veren Kad\u0131nlar\u201d ba\u015fl\u0131kl\u0131 ilham verici bir panel de ger\u00e7ekle\u015ftirildi. Panelde zaman\u0131n yaln\u0131zca \u00f6l\u00e7\u00fclen de\u011fil, ayn\u0131 zamanda ya\u015fanan ve anlam kazanan bir kavram oldu\u011fu vurguland\u0131. Sa\u011fl\u0131k, spor ve strateji gibi farkl\u0131 disiplinlerden gelen konu\u015fmac\u0131lar; zaman alg\u0131s\u0131, kararl\u0131l\u0131k, liderlik ve s\u0131n\u0131rlar\u0131 a\u015fma deneyimleri \u00fczerine samimi payla\u015f\u0131mlarda bulunarak kendi yolculuklar\u0131n\u0131 ve deneyimlerini kat\u0131l\u0131mc\u0131larla payla\u015ft\u0131.<\/p>\n<p>Longines T\u00fcrkiye \u00dclke M\u00fcd\u00fcr\u00fc \u00d6zlem K\u0131ro\u011flu Geylan ev sahipli\u011finde ger\u00e7ekle\u015fen davete bas\u0131n, cemiyet ve i\u015f d\u00fcnyas\u0131ndan bir\u00e7ok isim kat\u0131ld\u0131. Kad\u0131nlar G\u00fcn\u00fc\u2019ne \u00f6zel bir konu\u015fma yapan \u00d6zlem K\u0131ro\u011flu Geylan \u015funlar\u0131 s\u00f6yledi:<\/p>\n<p>\u201cLongines\u2019in tarihinde kad\u0131nlar\u0131n her zaman \u00f6zel bir yeri oldu. S\u0131n\u0131rlar\u0131 zorlayan, kendi yolunu cesaretle \u00e7izen \u00f6nc\u00fc kad\u0131nlar\u0131n hik\u00e2yeleri markam\u0131z\u0131n ilham kaynaklar\u0131ndan biri. Longines gibi kad\u0131nlar\u0131n zarafetini, cesaretini ve kararl\u0131l\u0131\u011f\u0131n\u0131 kutlayan uluslararas\u0131 bir markan\u0131n par\u00e7as\u0131 olmaktan b\u00fcy\u00fck bir gurur duyuyorum.\u201d<\/p>\n<p>K\u00f6kl\u00fc ge\u00e7mi\u015fi, \u00fcst\u00fcn \u0130svi\u00e7re saat\u00e7ili\u011fi ve kusursuz zanaatk\u00e2rl\u0131\u011f\u0131yla bilinen Longines, T\u00fcrkiye\u2019de Ni\u015fanta\u015f\u0131 Abdi \u0130pek\u00e7i Caddesi ve Galataport Paket Postanesi\u2019nde bulunan iki buti\u011fiyle saat tutkunlar\u0131n\u0131 zamans\u0131z tasar\u0131mlar\u0131yla bulu\u015fturmaya devam ediyor.<\/p>\n<p><i>Longines, 1832\u2019den beri \u0130svi\u00e7re\u2019nin Saint-Imier kentinde faaliyet g\u00f6stermektedir. Saat i\u015f\u00e7ili\u011findeki uzmanl\u0131\u011f\u0131, gelene\u011fe, zarafete ve performansa olan g\u00fc\u00e7l\u00fc ba\u011fl\u0131l\u0131\u011f\u0131n\u0131 yans\u0131t\u0131r. \u00c7ok uzun y\u0131llard\u0131r d\u00fcnya \u015fampiyonalar\u0131n\u0131n resmi zaman tutucusu olan ve uluslararas\u0131 spor federasyonlar\u0131yla i\u015fbirlikleri ger\u00e7ekle\u015ftiren Longines, spor d\u00fcnyas\u0131yla uzun y\u0131llara dayanan sa\u011flam ve uzun soluklu ili\u015fkiler kurmu\u015ftur.\u00a0Saatlerinin zarafetiyle tan\u0131nan Longines, d\u00fcnyan\u0131n \u00f6nde gelen saat \u00fcreticisi The Swatch Group ailesinin bir \u00fcyesidir. Kanatl\u0131 kum saati logosu ta\u015f\u0131yan Longines\u2019in 150\u2019yi a\u015fk\u0131n \u00fclkede sat\u0131\u015f noktalar\u0131 bulunmaktad\u0131r.<\/i><\/p>\n<p>Kaynak: (BYZHA) Beyaz Haber Ajans\u0131<\/p>\n","protected":false},"excerpt":{"rendered":"<p>\u0130svi\u00e7reli l\u00fcks saat markas\u0131 Longines, marka dostlar\u0131 ile D\u00fcnya Kad\u0131nlar G\u00fcn\u00fc\u2019n\u00fc kutlad\u0131\u00a0  \u0130svi\u00e7reli l\u00fcks saat markas\u0131 Longines, D\u00fcnya Kad\u0131nlar G\u00fcn\u00fc\u2019n\u00fc marka dostlar\u0131n\u0131n kat\u0131l\u0131m\u0131yla d\u00fczenlenen \u00f6zel bir davette kutlad\u0131.<\/p>\n","protected":false},"author":1,"featured_media":2963,"comment_status":"open","ping_status":"open","sticky":false,"template":"","format":"standard","meta":{"footnotes":""},"categories":[30],"tags":[],"class_list":["post-2962","post","type-post","status-publish","format-standard","has-post-thumbnail","hentry","category-ekonomi"],"_links":{"self":[{"href":"https:\/\/ekonomievreni.com\/index.php?rest_route=\/wp\/v2\/posts\/2962","targetHints":{"allow":["GET"]}}],"collection":[{"href":"https:\/\/ekonomievreni.com\/index.php?rest_route=\/wp\/v2\/posts"}],"about":[{"href":"https:\/\/ekonomievreni.com\/index.php?rest_route=\/wp\/v2\/types\/post"}],"author":[{"embeddable":true,"href":"https:\/\/ekonomievreni.com\/index.php?rest_route=\/wp\/v2\/users\/1"}],"replies":[{"embeddable":true,"href":"https:\/\/ekonomievreni.com\/index.php?rest_route=%2Fwp%2Fv2%2Fcomments&post=2962"}],"version-history":[{"count":1,"href":"https:\/\/ekonomievreni.com\/index.php?rest_route=\/wp\/v2\/posts\/2962\/revisions"}],"predecessor-version":[{"id":2964,"href":"https:\/\/ekonomievreni.com\/index.php?rest_route=\/wp\/v2\/posts\/2962\/revisions\/2964"}],"wp:featuredmedia":[{"embeddable":true,"href":"https:\/\/ekonomievreni.com\/index.php?rest_route=\/wp\/v2\/media\/2963"}],"wp:attachment":[{"href":"https:\/\/ekonomievreni.com\/index.php?rest_route=%2Fwp%2Fv2%2Fmedia&parent=2962"}],"wp:term":[{"taxonomy":"category","embeddable":true,"href":"https:\/\/ekonomievreni.com\/index.php?rest_route=%2Fwp%2Fv2%2Fcategories&post=2962"},{"taxonomy":"post_tag","embeddable":true,"href":"https:\/\/ekonomievreni.com\/index.php?rest_route=%2Fwp%2Fv2%2Ftags&post=2962"}],"curies":[{"name":"wp","href":"https:\/\/api.w.org\/{rel}","templated":true}]}}