{"id":2956,"date":"2026-03-14T03:53:34","date_gmt":"2026-03-14T00:53:34","guid":{"rendered":"https:\/\/ekonomievreni.com\/?p=2956"},"modified":"2026-03-14T03:53:35","modified_gmt":"2026-03-14T00:53:35","slug":"mipim-2026da-turkiyeye-yogun-ilgi","status":"publish","type":"post","link":"https:\/\/ekonomievreni.com\/?p=2956","title":{"rendered":"MIPIM 2026\u2019da T\u00fcrkiye&#8217;ye yo\u011fun ilgi"},"content":{"rendered":"<p> \u00a0<\/p>\n<p>K\u00fcresel \u015fehircilik ve gayrimenkul d\u00fcnyas\u0131 Cannes\u2019da bulu\u015ftu<\/p>\n<p>\u00a0<\/p>\n<p>D\u00fcnyan\u0131n en prestijli gayrimenkul ve \u015fehircilik etkinliklerinden biri olan MIPIM, T\u00fcrkiye temsilcili\u011fini Alka\u015f\u2019\u0131n \u00fcstlendi\u011fi organizasyon yap\u0131s\u0131yla 9\u201313 Mart 2026 tarihleri aras\u0131nda Fransa\u2019n\u0131n Cannes kentinde 35.defa ger\u00e7ekle\u015ftirildi.<\/p>\n<p>\u00a0<\/p>\n<p>Bu y\u0131l da \u201cGlobal Urban Festival\u201d yakla\u015f\u0131m\u0131yla d\u00fczenlenen MIPIM 2026; yat\u0131r\u0131mc\u0131lar\u0131, geli\u015ftiricileri, mimarlar\u0131, \u015fehir y\u00f6neticilerini ve teknoloji liderlerini 36. Kez ayn\u0131 platformda bulu\u015fturdu.<\/p>\n<p>\u00a0<\/p>\n<p>Her y\u0131l 90\u2019dan fazla \u00fclkeden 20 bini a\u015fk\u0131n sekt\u00f6r profesyonelini, 4 Trilyon Euro&#8217;luk varl\u0131\u011f\u0131 y\u00f6neten d\u00fcnyan\u0131n en b\u00fcy\u00fck 100 fonunu ve binlerce yat\u0131r\u0131mc\u0131y\u0131 bir araya getiren MIPIM, yaln\u0131zca projelerin tan\u0131t\u0131ld\u0131\u011f\u0131 bir fuar olman\u0131n \u00f6tesinde, \u015fehirlerin gelece\u011finin ve k\u00fcresel yat\u0131r\u0131m ak\u0131\u015flar\u0131n\u0131n tart\u0131\u015f\u0131ld\u0131\u011f\u0131 bir platform olarak \u00f6ne \u00e7\u0131k\u0131yor.<\/p>\n<p>\u00a0<\/p>\n<p>Bug\u00fcn MIPIM\u2019de art\u0131k yaln\u0131zca projeler de\u011fil; k\u00fcresel sermayenin y\u00f6n\u00fc, \u015fehir ekonomileri, kamu politikalar\u0131, finansman modelleri ve s\u00fcrd\u00fcr\u00fclebilir kent stratejileri ele al\u0131n\u0131yor. Paran\u0131n hangi \u00fclkelere, hangi \u015fehirlere ve hangi projelere y\u00f6neldi\u011fi; devletlerin planlama ve te\u015fvik politikalar\u0131n\u0131n yat\u0131r\u0131m\u0131 nas\u0131l etkiledi\u011fi ve yeni finansman modellerinin nas\u0131l \u015fekillendi\u011fi fuar\u0131n ana g\u00fcndem ba\u015fl\u0131klar\u0131 aras\u0131nda yer al\u0131yor.<\/p>\n<p>\u00a0<\/p>\n<p><strong>Yeni yat\u0131r\u0131m matemati\u011fi: dayan\u0131kl\u0131l\u0131k ve s\u00fcrd\u00fcr\u00fclebilirlik<\/strong><\/p>\n<p>Gayrimenkul yat\u0131r\u0131mlar\u0131 bug\u00fcn yaln\u0131zca ekonomik getiri \u00fczerinden de\u011fil; dayan\u0131kl\u0131l\u0131k, \u00f6ng\u00f6r\u00fclebilirlik, enerji g\u00fcvenli\u011fi ve s\u00fcrd\u00fcr\u00fclebilirlik kriterleri \u00fczerinden de\u011ferlendiriliyor. Yapay zek\u00e2, veri merkezleri ve dijital altyap\u0131lar ise \u015fehirlerin gelece\u011fini belirleyen temel unsurlar aras\u0131nda yer al\u0131yor. Bu d\u00f6n\u00fc\u015f\u00fcm\u00fcn bir yans\u0131mas\u0131 olarak MIPIM 2026 program\u0131nda Data Center Summit \u00f6nemli bir yer tutarken; veri, enerji ve mek\u00e2n aras\u0131ndaki ili\u015fki, \u015fehirlerin yeni yat\u0131r\u0131m dinamikleri \u00e7er\u00e7evesinde ele al\u0131nd\u0131. <strong> <\/strong><\/p>\n<p>\u00a0<\/p>\n<p><strong>Konut ve \u015fehir dengesi g\u00fcndemde<\/strong><\/p>\n<p>\u00a0<\/p>\n<p>Son y\u0131llarda MIPIM\u2019de \u00f6ne \u00e7\u0131kan ba\u015fl\u0131klardan biri olan \u201cHousing Matters\u201d oturumlar\u0131 kapsam\u0131nda ise konut arz\u0131, bar\u0131nma dengesi, eri\u015filebilir konut \u00fcretimi ve kamu\u2013\u00f6zel sekt\u00f6r i\u015f birlikleri tart\u0131\u015f\u0131ld\u0131. K\u00fcresel \u00f6l\u00e7ekte artan konut ihtiyac\u0131n\u0131n \u015fehir planlamas\u0131, sosyal s\u00fcrd\u00fcr\u00fclebilirlik ve yat\u0131r\u0131m kararlar\u0131 \u00fczerindeki etkisi sekt\u00f6r temsilcileri taraf\u0131ndan de\u011ferlendirildi. <strong> <\/strong><\/p>\n<p>\u00a0<\/p>\n<p><strong>T\u00fcrkiye g\u00fc\u00e7l\u00fc temsil ile yer ald\u0131<\/strong><\/p>\n<p>\u00a0<\/p>\n<p>MIPIM 2026\u2019da T\u00fcrkiye; T.C. \u00c7evre, \u015eehircilik ve \u0130klim De\u011fi\u015fikli\u011fi Bakanl\u0131\u011f\u0131\u2019n\u0131n destekleri ve Emlak Konut GYO\u2019nun \u00f6nc\u00fcl\u00fc\u011f\u00fcnde g\u00fc\u00e7l\u00fc bir kurumsal temsil ile fuarda yer ald\u0131. Cumhurba\u015fkanl\u0131\u011f\u0131 Yat\u0131r\u0131m ve Finans Ofisi\u2019nin katk\u0131lar\u0131yla ger\u00e7ekle\u015ftirilen organizasyonda T\u00fcrkiye \u00e7ad\u0131r\u0131 uluslararas\u0131 yat\u0131r\u0131mc\u0131lar\u0131n yo\u011fun ilgisini g\u00f6rd\u00fc. <strong> <\/strong><\/p>\n<p>\u00a0<\/p>\n<p>Bu y\u0131l Emlak Konut GYO ve ION \u00e7ad\u0131r kat\u0131l\u0131m\u0131yla fuarda yer al\u0131rken; HISE Global, SP Architect ve YES Architects stantlar\u0131yla uluslararas\u0131 yat\u0131r\u0131mc\u0131larla bir araya geldi. Mimarl\u0131k alan\u0131nda ise Turkish Architects Federation \u00e7at\u0131s\u0131 alt\u0131nda ACE, Asl\u0131 Mimarl\u0131k, DOME, DS Mimarl\u0131k, GAD, Hartek, Murat Tabanl\u0131o\u011flu Mimarl\u0131k, On Tasar\u0131m ve Resuwo T\u00fcrkiye\u2019yi temsil etti.<\/p>\n<p>\u00a0<\/p>\n<p>\u0130stanbul Maden \u0130hracat\u00e7\u0131lar\u0131 Birli\u011fi (Turkish Stones)\u2019nin MIPIM Awards ana sponsorlar\u0131 aras\u0131nda yer almas\u0131 ve mimar Melike Alt\u0131n\u0131\u015f\u0131k\u2019\u0131n j\u00fcri \u00fcyeli\u011fi T\u00fcrkiye\u2019nin mimarl\u0131k ve yap\u0131 ekosistemindeki uluslararas\u0131 konumunu bir kez daha ortaya koydu.<\/p>\n<p>\u00a0<\/p>\n<p><strong>Uluslararas\u0131 iftar bulu\u015fmas\u0131yla g\u00fc\u00e7l\u00fc networking <\/strong><\/p>\n<p>MIPIM haftas\u0131 kapsam\u0131nda Alka\u015f taraf\u0131ndan d\u00fczenlenen Uluslararas\u0131 Networking \u0130ftar Yeme\u011fi ise k\u00fcresel yat\u0131r\u0131mc\u0131lar\u0131, geli\u015ftiricileri ve sekt\u00f6r liderlerini ayn\u0131 sofrada bulu\u015fturan \u00f6nemli bir networking platformu oldu. Cumhurba\u015fkanl\u0131\u011f\u0131 Yat\u0131r\u0131m ve Finans Ofisi ve Emlak Konut GYO\u2019nun katk\u0131lar\u0131yla, Arta\u015f Holding, Bayer \u0130n\u015faat ve Nata Holding&#8217;in ana sponsorlu\u011funda Arsavev&#8217;in co-sponsorlu\u011funda Apara ve Sabah&#8217;\u0131n medya partnerli\u011finde ger\u00e7ekle\u015ftirilen bu \u00f6zel organizasyon, farkl\u0131 \u00fclkelerin \u00fcst d\u00fczey sekt\u00f6r temsilcileri katl\u0131m\u0131yla yeni i\u015f birliklerinin geli\u015ftirilmesine zemin haz\u0131rlad\u0131.<\/p>\n<p><span>Kaynak: (BYZHA) Beyaz Haber Ajans\u0131<\/span><\/p>\n","protected":false},"excerpt":{"rendered":"<p>\u00a0    K\u00fcresel \u015fehircilik ve gayrimenkul d\u00fcnyas\u0131 Cannes\u2019da bulu\u015ftu    \u00a0    D\u00fcnyan\u0131n en prestijli gayrimenkul ve \u015fehircilik etkinliklerinden biri olan MIPIM, T\u00fcrkiye temsilcili\u011fini Alka\u015f\u2019\u0131n \u00fcstlendi\u011fi organizasyon yap\u0131s\u0131yla 9\u201313 Mart 2026 tarihleri aras\u0131nda Fransa\u2019n\u0131n Cannes kentinde 35.<\/p>\n","protected":false},"author":1,"featured_media":2957,"comment_status":"open","ping_status":"open","sticky":false,"template":"","format":"standard","meta":{"footnotes":""},"categories":[30],"tags":[],"class_list":["post-2956","post","type-post","status-publish","format-standard","has-post-thumbnail","hentry","category-ekonomi"],"_links":{"self":[{"href":"https:\/\/ekonomievreni.com\/index.php?rest_route=\/wp\/v2\/posts\/2956","targetHints":{"allow":["GET"]}}],"collection":[{"href":"https:\/\/ekonomievreni.com\/index.php?rest_route=\/wp\/v2\/posts"}],"about":[{"href":"https:\/\/ekonomievreni.com\/index.php?rest_route=\/wp\/v2\/types\/post"}],"author":[{"embeddable":true,"href":"https:\/\/ekonomievreni.com\/index.php?rest_route=\/wp\/v2\/users\/1"}],"replies":[{"embeddable":true,"href":"https:\/\/ekonomievreni.com\/index.php?rest_route=%2Fwp%2Fv2%2Fcomments&post=2956"}],"version-history":[{"count":1,"href":"https:\/\/ekonomievreni.com\/index.php?rest_route=\/wp\/v2\/posts\/2956\/revisions"}],"predecessor-version":[{"id":2958,"href":"https:\/\/ekonomievreni.com\/index.php?rest_route=\/wp\/v2\/posts\/2956\/revisions\/2958"}],"wp:featuredmedia":[{"embeddable":true,"href":"https:\/\/ekonomievreni.com\/index.php?rest_route=\/wp\/v2\/media\/2957"}],"wp:attachment":[{"href":"https:\/\/ekonomievreni.com\/index.php?rest_route=%2Fwp%2Fv2%2Fmedia&parent=2956"}],"wp:term":[{"taxonomy":"category","embeddable":true,"href":"https:\/\/ekonomievreni.com\/index.php?rest_route=%2Fwp%2Fv2%2Fcategories&post=2956"},{"taxonomy":"post_tag","embeddable":true,"href":"https:\/\/ekonomievreni.com\/index.php?rest_route=%2Fwp%2Fv2%2Ftags&post=2956"}],"curies":[{"name":"wp","href":"https:\/\/api.w.org\/{rel}","templated":true}]}}