{"id":2923,"date":"2026-03-14T02:24:15","date_gmt":"2026-03-13T23:24:15","guid":{"rendered":"https:\/\/ekonomievreni.com\/?p=2923"},"modified":"2026-03-14T02:24:16","modified_gmt":"2026-03-13T23:24:16","slug":"baskan-hatice-gencay-turkiye-yelken-sampiyonasina-ev-sahipligi-yapmaktan-buyuk-bir-mutluluk-duyuyoruz","status":"publish","type":"post","link":"https:\/\/ekonomievreni.com\/?p=2923","title":{"rendered":"Ba\u015fkan Hatice Gen\u00e7ay: \u201cT\u00fcrkiye Yelken \u015eampiyonas\u0131\u2019na Ev Sahipli\u011fi Yapmaktan B\u00fcy\u00fck Bir Mutluluk Duyuyoruz\u201d"},"content":{"rendered":"\n<p style=\"margin-bottom:11px\"><span style=\"font-size:12pt\"><span style=\"line-height:115%\"><span style=\"font-family:Calibri,sans-serif\"><span style=\",serif\">2025\u20132026 TYF Yelken Ligi 2. Ayak Formula Kite \u2013 Wingfoil T\u00fcrkiye \u015eampiyonas\u0131, Didim Belediyesi\u2019nin ev sahipli\u011finde ba\u015flad\u0131. T\u00fcrkiye\u2019nin farkl\u0131 illerinden gelen sporcular, Didim\u2019in berrak sular\u0131nda \u015fampiyonluk i\u00e7in k\u0131yas\u0131ya m\u00fccadele ediyor. Formula Kite ve Wingfoil kategorilerinde yar\u0131\u015fan sporcular, h\u0131zlar\u0131 ve teknik performanslar\u0131yla izleyenlere heyecan dolu anlar ya\u015fat\u0131yor.<\/span><\/span><\/span><\/span><\/p>\n<p style=\"margin-bottom:11px\"><span style=\"font-size:12pt\"><span style=\"line-height:115%\"><span style=\"font-family:Calibri,sans-serif\"><span style=\",serif\">Didim \u00dc\u00e7\u00fcnc\u00fc Kez Ev Sahipli\u011fi Yap\u0131yor<\/span><\/span><\/span><\/span><\/p>\n<p style=\"margin-bottom:11px\"><span style=\"font-size:12pt\"><span style=\"line-height:115%\"><span style=\"font-family:Calibri,sans-serif\"><span style=\",serif\">Didim Belediyesi\u2019nin ev sahipli\u011finde ger\u00e7ekle\u015ftirilen organizasyon, il\u00e7ede \u00fc\u00e7\u00fcnc\u00fc kez farkl\u0131 kategorilerde d\u00fczenlenen T\u00fcrkiye Yelken \u015eampiyonas\u0131 olma \u00f6zelli\u011fini ta\u015f\u0131yor. Do\u011fal g\u00fczellikleri, r\u00fczg\u00e2r potansiyeli ve deniziyle su sporlar\u0131 i\u00e7in \u00f6nemli bir merkez haline gelen Didim, bu b\u00fcy\u00fck organizasyonla bir kez daha sporun bulu\u015fma noktas\u0131 oldu.<\/span><\/span><\/span><\/span><\/p>\n<p style=\"margin-bottom:11px\"><span style=\"font-size:12pt\"><span style=\"line-height:115%\"><span style=\"font-family:Calibri,sans-serif\"><span style=\",serif\">\u015eampiyona \u0130\u00e7in Ba\u015far\u0131 Mesaj\u0131<\/span><\/span><\/span><\/span><\/p>\n<p style=\"margin-bottom:11px\"><span style=\"font-size:12pt\"><span style=\"line-height:115%\"><span style=\"font-family:Calibri,sans-serif\"><span style=\",serif\">Didim Belediye Ba\u015fkan\u0131 Hatice Gen\u00e7ay organizasyonla ilgili yapt\u0131\u011f\u0131 a\u00e7\u0131klamada \u015fu ifadelere yer verdi:<\/span><\/span><\/span><\/span><\/p>\n<p style=\"margin-bottom:11px\"><span style=\"font-size:12pt\"><span style=\"line-height:115%\"><span style=\"font-family:Calibri,sans-serif\"><span style=\",serif\">\u201cDidim, do\u011fas\u0131, r\u00fczg\u00e2r\u0131 ve deniziyle su sporlar\u0131 i\u00e7in son derece elveri\u015fli bir kent. T\u00fcrkiye\u2019nin d\u00f6rt bir yan\u0131ndan gelen sporcular\u0131m\u0131z\u0131 il\u00e7emizde a\u011f\u0131rlamaktan b\u00fcy\u00fck gurur ve mutluluk duyuyoruz. Bu t\u00fcr b\u00fcy\u00fck organizasyonlar hem sporun geli\u015fmesine katk\u0131 sa\u011fl\u0131yor hem de Didim\u2019in tan\u0131t\u0131m\u0131na \u00f6nemli bir de\u011fer kat\u0131yor. \u00dc\u00e7\u00fcnc\u00fc kez farkl\u0131 kategorilerde b\u00f6yle \u00f6nemli bir \u015fampiyonaya ev sahipli\u011fi yapmak bizler i\u00e7in ayr\u0131 bir gurur. T\u00fcm sporcular\u0131m\u0131za ba\u015far\u0131lar diliyorum.\u201d<\/span><\/span><\/span><\/span><\/p>\n<p style=\"margin-bottom:11px\">\u00a0<\/p>\n<p>Kaynak: (BYZHA) Beyaz Haber Ajans\u0131<\/p>\n","protected":false},"excerpt":{"rendered":"<p>2025\u20132026 TYF Yelken Ligi 2.<\/p>\n","protected":false},"author":1,"featured_media":2924,"comment_status":"open","ping_status":"open","sticky":false,"template":"","format":"standard","meta":{"footnotes":""},"categories":[33],"tags":[],"class_list":["post-2923","post","type-post","status-publish","format-standard","has-post-thumbnail","hentry","category-spor"],"_links":{"self":[{"href":"https:\/\/ekonomievreni.com\/index.php?rest_route=\/wp\/v2\/posts\/2923","targetHints":{"allow":["GET"]}}],"collection":[{"href":"https:\/\/ekonomievreni.com\/index.php?rest_route=\/wp\/v2\/posts"}],"about":[{"href":"https:\/\/ekonomievreni.com\/index.php?rest_route=\/wp\/v2\/types\/post"}],"author":[{"embeddable":true,"href":"https:\/\/ekonomievreni.com\/index.php?rest_route=\/wp\/v2\/users\/1"}],"replies":[{"embeddable":true,"href":"https:\/\/ekonomievreni.com\/index.php?rest_route=%2Fwp%2Fv2%2Fcomments&post=2923"}],"version-history":[{"count":1,"href":"https:\/\/ekonomievreni.com\/index.php?rest_route=\/wp\/v2\/posts\/2923\/revisions"}],"predecessor-version":[{"id":2925,"href":"https:\/\/ekonomievreni.com\/index.php?rest_route=\/wp\/v2\/posts\/2923\/revisions\/2925"}],"wp:featuredmedia":[{"embeddable":true,"href":"https:\/\/ekonomievreni.com\/index.php?rest_route=\/wp\/v2\/media\/2924"}],"wp:attachment":[{"href":"https:\/\/ekonomievreni.com\/index.php?rest_route=%2Fwp%2Fv2%2Fmedia&parent=2923"}],"wp:term":[{"taxonomy":"category","embeddable":true,"href":"https:\/\/ekonomievreni.com\/index.php?rest_route=%2Fwp%2Fv2%2Fcategories&post=2923"},{"taxonomy":"post_tag","embeddable":true,"href":"https:\/\/ekonomievreni.com\/index.php?rest_route=%2Fwp%2Fv2%2Ftags&post=2923"}],"curies":[{"name":"wp","href":"https:\/\/api.w.org\/{rel}","templated":true}]}}