{"id":2896,"date":"2026-03-14T02:23:59","date_gmt":"2026-03-13T23:23:59","guid":{"rendered":"https:\/\/ekonomievreni.com\/?p=2896"},"modified":"2026-03-14T02:23:59","modified_gmt":"2026-03-13T23:23:59","slug":"baskanimiz-rasim-aridan-fenerbahce-baskani-sarana-ziyaret","status":"publish","type":"post","link":"https:\/\/ekonomievreni.com\/?p=2896","title":{"rendered":"Ba\u015fkan\u0131m\u0131z Rasim Ar\u0131\u2019dan Fenerbah\u00e7e Ba\u015fkan\u0131 Saran\u2019a Ziyaret"},"content":{"rendered":"\n<p class=\"MsoNoSpacing\"><span style=\"font-size:11pt\"><span style=\"font-family:Calibri,sans-serif\"><span style=\"font-size:13.0pt\">Nev\u015fehir Belediye Ba\u015fkan\u0131 Rasim Ar\u0131, Fenerbah\u00e7e Spor Kul\u00fcb\u00fc Ba\u015fkan\u0131 Sadettin Saran\u2019\u0131 ziyaret etti. <\/span><\/span><\/span><\/p>\n<p class=\"MsoNoSpacing\"><span style=\"font-size:11pt\"><span style=\"font-family:Calibri,sans-serif\"><span style=\"font-size:13.0pt\">Ziyaret kapsam\u0131nda Nev\u015fehir\u2019de amat\u00f6r bran\u015flarda i\u015f birli\u011fi konular\u0131 g\u00f6r\u00fc\u015f\u00fcl\u00fcrken kul\u00fcp binas\u0131nda ger\u00e7ekle\u015fen ziyarette Fenerbah\u00e7e Y\u00f6netim Kurulu \u00dcyesi Taner S\u00f6nmezer\u2019de yer ald\u0131.<\/span><\/span><\/span><\/p>\n<p class=\"MsoNoSpacing\"><span style=\"font-size:11pt\"><span style=\"font-family:Calibri,sans-serif\"><span style=\"font-size:13.0pt\">Fenerbah\u00e7e spor kul\u00fcb\u00fc taraf\u0131ndan Nev\u015fehir\u2019de yap\u0131lmas\u0131 planlanan yat\u0131r\u0131mlar ve sporcu yeti\u015ftirilmesi konular\u0131nda kar\u015f\u0131l\u0131kl\u0131 g\u00f6r\u00fc\u015f al\u0131\u015f veri\u015finde bulunuldu.<br \/>Ziyaretin sonunda Fenerbah\u00e7e Ba\u015fkan\u0131 Sadettin Saran, Nev\u015fehir Belediye Ba\u015fkan\u0131 Rasim Ar\u0131\u2019ya futbolcular\u0131n imzalam\u0131\u015f oldu\u011fu formalar\u0131 hediye ederken, Ba\u015fkan Ar\u0131\u2019da Nev\u015fehir Belediyesi KA\u00c7EM Kad\u0131n \u00c7al\u0131\u015fma Merkezi\u2019nin el i\u015f\u00e7ili\u011fiyle yapm\u0131\u015f oldu\u011fu ve \u015fehrin sembollerinin yer ald\u0131\u011f\u0131 vazoyu Ba\u015fkan Saran\u2019a takdim etti.<\/span><\/span><\/span><\/p>\n<p class=\"MsoNoSpacing\">\u00a0<\/p>\n<p>Kaynak: (BYZHA) Beyaz Haber Ajans\u0131<\/p>\n","protected":false},"excerpt":{"rendered":"<p>Nev\u015fehir Belediye Ba\u015fkan\u0131 Rasim Ar\u0131, Fenerbah\u00e7e Spor Kul\u00fcb\u00fc Ba\u015fkan\u0131 Sadettin Saran\u2019\u0131 ziyaret etti.<\/p>\n","protected":false},"author":1,"featured_media":2897,"comment_status":"open","ping_status":"open","sticky":false,"template":"","format":"standard","meta":{"footnotes":""},"categories":[33],"tags":[],"class_list":["post-2896","post","type-post","status-publish","format-standard","has-post-thumbnail","hentry","category-spor"],"_links":{"self":[{"href":"https:\/\/ekonomievreni.com\/index.php?rest_route=\/wp\/v2\/posts\/2896","targetHints":{"allow":["GET"]}}],"collection":[{"href":"https:\/\/ekonomievreni.com\/index.php?rest_route=\/wp\/v2\/posts"}],"about":[{"href":"https:\/\/ekonomievreni.com\/index.php?rest_route=\/wp\/v2\/types\/post"}],"author":[{"embeddable":true,"href":"https:\/\/ekonomievreni.com\/index.php?rest_route=\/wp\/v2\/users\/1"}],"replies":[{"embeddable":true,"href":"https:\/\/ekonomievreni.com\/index.php?rest_route=%2Fwp%2Fv2%2Fcomments&post=2896"}],"version-history":[{"count":1,"href":"https:\/\/ekonomievreni.com\/index.php?rest_route=\/wp\/v2\/posts\/2896\/revisions"}],"predecessor-version":[{"id":2898,"href":"https:\/\/ekonomievreni.com\/index.php?rest_route=\/wp\/v2\/posts\/2896\/revisions\/2898"}],"wp:featuredmedia":[{"embeddable":true,"href":"https:\/\/ekonomievreni.com\/index.php?rest_route=\/wp\/v2\/media\/2897"}],"wp:attachment":[{"href":"https:\/\/ekonomievreni.com\/index.php?rest_route=%2Fwp%2Fv2%2Fmedia&parent=2896"}],"wp:term":[{"taxonomy":"category","embeddable":true,"href":"https:\/\/ekonomievreni.com\/index.php?rest_route=%2Fwp%2Fv2%2Fcategories&post=2896"},{"taxonomy":"post_tag","embeddable":true,"href":"https:\/\/ekonomievreni.com\/index.php?rest_route=%2Fwp%2Fv2%2Ftags&post=2896"}],"curies":[{"name":"wp","href":"https:\/\/api.w.org\/{rel}","templated":true}]}}