{"id":2887,"date":"2026-03-14T02:23:53","date_gmt":"2026-03-13T23:23:53","guid":{"rendered":"https:\/\/ekonomievreni.com\/?p=2887"},"modified":"2026-03-14T02:23:54","modified_gmt":"2026-03-13T23:23:54","slug":"gelecegin-hekimleri-ilk-adimi-atti","status":"publish","type":"post","link":"https:\/\/ekonomievreni.com\/?p=2887","title":{"rendered":"Gelece\u011fin hekimleri ilk ad\u0131m\u0131 att\u0131!"},"content":{"rendered":"<p> \u00dcsk\u00fcdar \u00dcniversitesi T\u0131p Fak\u00fcltesi\u00a02025-2026\u00a0Akademik Y\u0131l\u0131 1. s\u0131n\u0131f \u00f6\u011frencileri, 14 Mart T\u0131p Bayram\u0131 kapsam\u0131nda d\u00fczenlenen t\u00f6renle hekimlik mesle\u011finin simgesi olan beyaz \u00f6nl\u00fcklerini giydi. T\u0131p Fak\u00fcltesi T\u00fcrk\u00e7e ve \u0130ngilizce b\u00f6l\u00fcmlerine yeni ba\u015flayan gelece\u011fin hekimleri, kutsal mesleklerine ilk ad\u0131m\u0131 atman\u0131n gururunu ya\u015fad\u0131.<\/p>\n<p>\u00dcsk\u00fcdar \u00dcniversitesi NP Sa\u011fl\u0131k Yerle\u015fkesi \u0130bni Sina Oditoryumu\u2019nda ger\u00e7ekle\u015ftirilen &#8220;14 Mart T\u0131p Bayram\u0131 ve Beyaz \u00d6nl\u00fck Giyme T\u00f6reni&#8221;, akademi d\u00fcnyas\u0131n\u0131 ve gelece\u011fin doktorlar\u0131n\u0131 bir araya getirdi.<\/p>\n<p><strong>Prof. Dr. Nevzat Tarhan: \u201c\u0130yi hekim olman\u0131n yolu \u00f6nce iyi insan olmaktan ge\u00e7er\u201d<\/strong><\/p>\n<p>Ailelerin de ilgi g\u00f6sterdi\u011fi t\u00f6rende konu\u015fan \u00dcsk\u00fcdar \u00dcniversitesi Kurucu Rekt\u00f6r\u00fc ve Y\u00f6netim \u00dcst Kurulu Ba\u015fkan\u0131 Prof. Dr. Nevzat Tarhan, hekimlik mesle\u011finin yaln\u0131zca bilimsel bilgiye dayal\u0131 bir alan olmad\u0131\u011f\u0131n\u0131, ayn\u0131 zamanda etik de\u011ferler, insanl\u0131k ve ileti\u015fim becerileriyle \u015fekillenen bir meslek oldu\u011funu vurgulad\u0131.<\/p>\n<p>Beyaz \u00f6nl\u00fck giyme t\u00f6reninin hekim adaylar\u0131n\u0131n hayat\u0131nda unutulmaz bir d\u00f6n\u00fcm noktas\u0131 oldu\u011funu belirten Prof. Dr. Tarhan, \u201c\u0130nsan hayat\u0131nda unutulmayacak baz\u0131 g\u00fcnler vard\u0131r. Beyaz \u00f6nl\u00fck giyme t\u00f6reni de bu a\u00e7\u0131dan \u00e7ok \u00f6nemli bir g\u00fcn. \u00d6\u011frencilerimizin meslek hayatlar\u0131 boyunca hat\u0131rlayacaklar\u0131 anlaml\u0131 bir ba\u015flang\u0131\u00e7t\u0131r.\u201d dedi.<\/p>\n<p>Hekimli\u011fin hem bir bilim hem de bir sanat oldu\u011funu ifade eden Prof. Dr. Tarhan, \u201cHekimlik sadece bir meslek de\u011fildir; ayn\u0131 zamanda bir sanatt\u0131r ve bilimle birlikte y\u00fcr\u00fcr. Bu nedenle iyi hekim olmadan \u00f6nce iyi insan olmak gerekir. \u0130yi insan olmay\u0131 ba\u015faramayan bir ki\u015finin iyi hekim olmas\u0131 m\u00fcmk\u00fcn de\u011fildir.\u201d diye konu\u015ftu.<\/p>\n<p>Prof. Dr. Tarhan, hekimli\u011fin d\u00fcnyada etik kurallar\u0131 en erken geli\u015fmi\u015f mesleklerden biri oldu\u011funu belirterek, meslek hayat\u0131nda etik ilkelere ba\u011fl\u0131 kalman\u0131n \u00f6nemine dikkat \u00e7ekti ve \u201cMeslek hayat\u0131nda sizi en g\u00fc\u00e7l\u00fc \u015fekilde koruyacak kalkan etik ilkelerdir. K\u00fc\u00e7\u00fck bir yanl\u0131\u015f ya da k\u00fc\u00e7\u00fck bir yalan zamanla b\u00fcy\u00fck hatalara d\u00f6n\u00fc\u015febilir. B\u00fcy\u00fck k\u00f6t\u00fcl\u00fckler \u00e7o\u011fu zaman k\u00fc\u00e7\u00fck bir hatayla ba\u015flar.\u201d ifadesinde bulundu.<\/p>\n<p><strong>\u201cBilimsel merak\u0131n\u0131z\u0131 kaybetmeyin\u201d<\/strong><\/p>\n<p>Prof. Dr. Tarhan, t\u0131p alan\u0131nda bilginin h\u0131zla de\u011fi\u015fti\u011fini belirterek gen\u00e7 hekim adaylar\u0131n\u0131n s\u00fcrekli \u00f6\u011frenmeye a\u00e7\u0131k olmas\u0131 gerekti\u011fini ifade ederek, \u201cBilginin yar\u0131 \u00f6mr\u00fc eskiden 30 y\u0131ld\u0131, bug\u00fcn 3 y\u0131la kadar d\u00fc\u015ft\u00fc. Bu nedenle bilimsel merak\u0131n\u0131z\u0131 kaybetmemek \u00e7ok \u00f6nemli. Hastaya zarar vermenin yollar\u0131ndan biri de onu tedavisiz b\u0131rakmakt\u0131r. Yeni bilgileri takip etmek, literat\u00fcr\u00fc s\u00fcrekli g\u00fcncel tutmak gerekir.\u201d \u015feklinde konu\u015ftu.<\/p>\n<p><strong>\u201cTevazu ve ele\u015ftiriye a\u00e7\u0131kl\u0131k hekimi geli\u015ftirir\u201d<\/strong><\/p>\n<p>Ba\u015far\u0131l\u0131 bir hekim olman\u0131n \u00f6nemli \u00f6zelliklerinden birinin tevazu oldu\u011funu belirten Prof. Dr. Tarhan, \u201cTevazu, insana \u2018Ben hata yapabilirim\u2019 duygusunu verir. Bu duygu ele\u015ftiriye a\u00e7\u0131k olmay\u0131 sa\u011flar. Ara\u015ft\u0131rmalar tevazu sahibi ki\u015filerin daha az hata yapt\u0131\u011f\u0131n\u0131 ve karar mekanizmalar\u0131n\u0131 daha sa\u011fl\u0131kl\u0131 kulland\u0131\u011f\u0131n\u0131 g\u00f6steriyor.\u201d dedi.<\/p>\n<p><strong>\u201c\u0130leti\u015fim, bazen ila\u00e7tan daha etkilidir\u201d<\/strong><\/p>\n<p>Prof. Dr. Tarhan, hekim-hasta ili\u015fkisinde ileti\u015fimin \u00f6nemine dikkat \u00e7ekerek, \u201c\u0130la\u00e7tan daha etkili bir y\u00f6ntem vard\u0131r; ileti\u015fim. Hastayla kurulan g\u00fcven ili\u015fkisi tedavinin ba\u015far\u0131s\u0131n\u0131 do\u011frudan etkiler.\u201d diye konu\u015ftu.<\/p>\n<p>Plasebo etkisinin de bu g\u00fcven ili\u015fkisini g\u00f6steren bilimsel bir \u00f6rnek oldu\u011funu ifade eden Prof. Dr. Tarhan, hastan\u0131n hekime g\u00fcvenmesi durumunda tedavi s\u00fcrecinin daha olumlu ilerleyebildi\u011fini s\u00f6yledi.<\/p>\n<p><strong>\u201cHastay\u0131 vaka de\u011fil insan olarak g\u00f6rmek gerekir\u201d<\/strong><\/p>\n<p>Prof. Dr. Tarhan, hekimlikte yap\u0131lan en b\u00fcy\u00fck hatalardan birinin hastay\u0131 yaln\u0131zca bir \u201cvaka\u201d olarak g\u00f6rmek oldu\u011funu dile getirerek, \u201cHastay\u0131 vaka olarak de\u011fil insan olarak g\u00f6rmek gerekir. Hastay\u0131 dinlemek, onun duygular\u0131n\u0131 anlamak tan\u0131 koymada ve tedavide b\u00fcy\u00fck fark yarat\u0131r.\u201d ifadesinde de bulundu.<\/p>\n<p>Konu\u015fmas\u0131nda \u0130bn-i Sina\u2019n\u0131n hekimlik anlay\u0131\u015f\u0131na da de\u011finen Tarhan, \u201c\u0130bn-i Sina\u2019n\u0131n dedi\u011fi gibi; \u2018Hekim bazen tedavi eder, \u00e7o\u011fu zaman teselli eder.\u2019 Hekimin g\u00f6revi sadece tedavi etmek de\u011fil, ayn\u0131 zamanda hastaya umut ve g\u00fcven verebilmektir.\u201d \u015feklinde konu\u015ftu.<\/p>\n<p>Prof. Dr. Tarhan, konu\u015fmas\u0131n\u0131n sonunda hekimli\u011fin insan hayat\u0131na do\u011frudan dokunan \u00e7ok \u00f6zel bir meslek oldu\u011funu belirterek, \u201cHekimin eli kutsald\u0131r denirken asl\u0131nda insan\u0131n varolu\u015funa ve hayat\u0131na dokunabilen bir meslekten s\u00f6z edilir. Bu mesle\u011fin size sundu\u011fu f\u0131rsat\u0131 etik de\u011ferler ve insan sevgisiyle de\u011ferlendirmenizi diliyorum.\u201d dedi.<\/p>\n<p><strong>Prof. Dr. Hikmet Ko\u00e7ak: \u201cHekimlik bir meslek de\u011fil, bir ya\u015fam tarz\u0131d\u0131r\u201d<\/strong><\/p>\n<p>14 Mart T\u0131p Bayram\u0131 kapsam\u0131nda d\u00fczenlenen beyaz \u00f6nl\u00fck giyme t\u00f6reninde konu\u015fan \u00dcsk\u00fcdar \u00dcniversitesi Rekt\u00f6r Yard\u0131mc\u0131s\u0131 Prof. Dr. Hikmet Ko\u00e7ak, hekimli\u011fin yaln\u0131zca bir meslek de\u011fil, ayn\u0131 zamanda bir ya\u015fam tarz\u0131 oldu\u011funu vurgulayarak t\u0131p \u00f6\u011frencilerini tebrik etti ve \u201c\u0130nsan hayat\u0131nda \u00f6nemli a\u015famalar vard\u0131r. Bunlardan biri de liseden sonra meslek se\u00e7me d\u00f6nemidir. Belki baz\u0131lar\u0131n\u0131z kendi iste\u011fiyle, baz\u0131lar\u0131n\u0131z da ailelerinin y\u00f6nlendirmesiyle bu yolu se\u00e7ti. Ancak sonu\u00e7ta en k\u0131ymetli mesleklerden biri olan hekimli\u011fi tercih ettiniz. Hepinizi tebrik ediyorum, hay\u0131rl\u0131 olsun.\u201d dedi.<\/p>\n<p><strong>\u201cBeyaz \u00f6nl\u00fck g\u00fcven ve sorumlulu\u011fun sembol\u00fcd\u00fcr\u201d<\/strong><\/p>\n<p>Prof. Dr. Ko\u00e7ak, beyaz \u00f6nl\u00fc\u011f\u00fcn hekimlik mesle\u011finde \u00f6nemli bir sembol oldu\u011funu belirterek, \u201cBeyaz \u00f6nl\u00fc\u011f\u00fc giydi\u011finizde kar\u015f\u0131n\u0131zdaki hastaya asl\u0131nda \u015fu mesaj\u0131 veriyorsunuz: \u2018Bana g\u00fcvenebilirsiniz. Ben sizin dertlerinize \u00e7are bulmak i\u00e7in kendimi bu mesle\u011fe adad\u0131m.\u2019 Ayn\u0131 zamanda hekimlik, hastan\u0131n s\u0131rlar\u0131n\u0131 korumay\u0131 da gerektirir. \u00c7\u00fcnk\u00fc hekim ile hasta aras\u0131nda g\u00fc\u00e7l\u00fc bir g\u00fcven ili\u015fkisi vard\u0131r.\u201d ifadesinde bulundu.<\/p>\n<p><strong>\u201cSteteskop sadece bir ara\u00e7 de\u011fil, eme\u011fin sembol\u00fcd\u00fcr\u201d<\/strong><\/p>\n<p>Hekimli\u011fin bir di\u011fer \u00f6nemli simgesinin steteskop oldu\u011funu ifade eden Prof. Dr. Ko\u00e7ak, \u201cSteteskop sadece bir kalbi dinlemek i\u00e7in kullan\u0131lan bir ara\u00e7 de\u011fildir. Gen\u00e7li\u011finizi, hayallerinizi ve eme\u011finizi temsil eden bir sembold\u00fcr. Beyaz \u00f6nl\u00fck ve steteskop bir araya geldi\u011finde kar\u015f\u0131n\u0131zdaki insana g\u00fcven veren bir hekim kimli\u011fi ortaya \u00e7\u0131kar.\u201d dedi.<\/p>\n<p><strong>\u201cT\u0131p ge\u00e7mi\u015ften gelen bir birikimin devam\u0131d\u0131r\u201d<\/strong><\/p>\n<p>Konu\u015fmas\u0131nda t\u0131p tarihine de de\u011finen Prof. Dr. Ko\u00e7ak, hekimli\u011fin ge\u00e7mi\u015ften bug\u00fcne birikerek gelen bir bilgi ve deneyim alan\u0131 oldu\u011funu vurgulad\u0131. Bu kapsamda Hikmet Boran\u2019\u0131n Kurtulu\u015f Sava\u015f\u0131 d\u00f6nemindeki rol\u00fcne dikkat \u00e7eken Prof. Dr. Ko\u00e7ak, ayr\u0131ca Osmanl\u0131 d\u00f6neminde radyoloji alan\u0131nda \u00f6nc\u00fc \u00e7al\u0131\u015fmalar yapan hekimleri de anarak, Esad Feyzi\u2019nin T\u00fcrkiye\u2019de ilk r\u00f6ntgen \u0131\u015f\u0131nlar\u0131n\u0131 getiren hekimlerden biri oldu\u011funu, \u0130brahim Vas\u0131f \u00c7\u0131nar\u2019\u0131n ise r\u00f6ntgen uygulamalar\u0131nda \u00f6nc\u00fc \u00e7al\u0131\u015fmalar\u0131yla tan\u0131nd\u0131\u011f\u0131n\u0131 ifade etti.<\/p>\n<p>Prof. Dr. Ko\u00e7ak, \u201cHekim, ge\u00e7mi\u015ften bug\u00fcne kadar olu\u015fan b\u00fct\u00fcn birikimi \u00fczerinde ta\u015f\u0131yan ki\u015fidir. Bug\u00fcn burada ald\u0131\u011f\u0131n\u0131z e\u011fitim, ge\u00e7mi\u015fte bu mesle\u011fe emek vermi\u015f insanlar\u0131n katk\u0131lar\u0131 sayesinde m\u00fcmk\u00fcn olmu\u015ftur.\u201d diye konu\u015ftu.<\/p>\n<p>Konu\u015fmas\u0131n\u0131n sonunda sa\u011fl\u0131\u011f\u0131n insan hayat\u0131ndaki de\u011ferine de\u011finen Prof. Dr. Ko\u00e7ak, Kanuni Sultan S\u00fcleyman\u2019\u0131n \u201cHalk i\u00e7inde muteber bir nesne yok devlet gibi \/ Olmaya devlet cihanda bir nefes s\u0131hhat gibi.\u201d \u00fcnl\u00fc dizelerini hat\u0131rlatt\u0131.<\/p>\n<p><strong>Prof. Dr. Haydar Sur: \u201cBeyaz \u00f6nl\u00fck t\u00f6renleri hekimlik yolculu\u011funun unutulmaz anlar\u0131d\u0131r\u201d<\/strong><\/p>\n<p>\u00dcsk\u00fcdar \u00dcniversitesi T\u0131p Fak\u00fcltesi Dekan\u0131 Prof. Dr. Haydar Sur, t\u00f6rende yapt\u0131\u011f\u0131 konu\u015fmada, hekimlik mesle\u011finin de\u011ferlerinin ku\u015faktan ku\u015fa\u011fa aktar\u0131lan bir emanet oldu\u011funu vurgulad\u0131 ve \u201cT\u00f6renler asl\u0131nda \u00e7ok \u00f6nemlidir; \u00e7\u00fcnk\u00fc hayat\u0131m\u0131z\u0131n ilkelerinin g\u00f6r\u00fcn\u00fcr hale geldi\u011fi anlar\u0131 ya\u015far\u0131z. \u00d6\u011frencilerimizin bug\u00fcn ya\u015fayaca\u011f\u0131 bu beyaz \u00f6nl\u00fck giyme t\u00f6reni, onlar\u0131n meslek hayatlar\u0131 boyunca unutamayacaklar\u0131 anlardan biri olacakt\u0131r.\u201d dedi.<\/p>\n<p><strong>\u201cHekimlik de\u011ferleri bir emanettir\u201d<\/strong><\/p>\n<p>Akademisyenlerin \u00f6\u011frencileri yeti\u015ftirme sorumlulu\u011funu b\u00fcy\u00fck bir onurla ta\u015f\u0131d\u0131klar\u0131n\u0131 ifade eden Prof. Dr. Sur, hekimlik mesle\u011finin temel ilkelerinin ge\u00e7mi\u015ften bug\u00fcne aktar\u0131ld\u0131\u011f\u0131n\u0131 s\u00f6yledi ve \u201cBizler burada akademik \u00f6nl\u00fcklerimizle, \u00f6\u011frencilerimizi yeti\u015ftirmek i\u00e7in \u015ferefle kar\u015f\u0131n\u0131zday\u0131z. Bu ilkeler bize g\u00f6kten inmedi; bizden \u00f6nceki hocalar\u0131m\u0131z\u0131n bize b\u0131rakt\u0131\u011f\u0131 emanetlerdi. Biz de bu emaneti kendi \u00f6\u011frencilerimize devrediyoruz. Eminim ki \u00f6\u011frencilerimiz bu emaneti bizden daha iyi sahiplenip bir sonraki ku\u015faklara aktaracaklar. B\u00f6ylece bilim ilerleyecek, insanl\u0131\u011fa daha iyi hizmet sunulacakt\u0131r\u201d diye konu\u015ftu.<\/p>\n<p><strong>\u201c\u00d6\u011frencilerimizi g\u00f6rd\u00fck\u00e7e umutlan\u0131yoruz\u201d<\/strong><\/p>\n<p>Konu\u015fmas\u0131nda d\u00fcnyada ya\u015fanan sava\u015flar ve haks\u0131zl\u0131klara da de\u011finen Prof. Dr. Sur, bu durumlar\u0131n kendisini derinden \u00fczd\u00fc\u011f\u00fcn\u00fc ifade etti ve \u201cD\u00fcnyadaki sava\u015flar, haks\u0131zl\u0131klar ve mazlumlar\u0131n ya\u015fad\u0131\u011f\u0131 ac\u0131lar kar\u015f\u0131s\u0131nda i\u00e7im kan a\u011fl\u0131yor. D\u00fcnya h\u00fcz\u00fcn i\u00e7inde olabilir; ancak \u00f6\u011frencilerimizi g\u00f6rd\u00fc\u011f\u00fcm\u00fcz zaman i\u00e7imiz umutla doluyor.\u201d \u015feklinde konu\u015ftu.<\/p>\n<p><strong>T\u0131p \u00f6\u011frencisi Yusuf Alpay: \u201cHekimlik yaln\u0131zca bir meslek de\u011fil, \u00f6m\u00fcr boyu s\u00fcren bir \u00f6\u011frenme yolculu\u011fu\u201d<\/strong><\/p>\n<p>T\u0131p Fak\u00fcltesi T\u00fcrk\u00e7e 1. S\u0131n\u0131f Temsilcisi Yusuf Alpay, hekimlik yolculu\u011funun ilk ad\u0131mlar\u0131n\u0131 atman\u0131n gururunu ya\u015fad\u0131klar\u0131n\u0131 belirterek, t\u0131p e\u011fitiminin yaln\u0131zca bilgi de\u011fil ayn\u0131 zamanda insan hayat\u0131na dokunma sorumlulu\u011fu ta\u015f\u0131d\u0131\u011f\u0131n\u0131 vurgulad\u0131 ve \u201cT\u0131p ailesinin en gen\u00e7 \u00fcyeleri olarak y\u0131llarca hayalini kurdu\u011fumuz hekimlik yolculu\u011funun ilk ad\u0131mlar\u0131n\u0131 att\u0131\u011f\u0131m\u0131z bu d\u00f6nemde b\u00f6ylesine k\u00f6kl\u00fc ve onurlu bir ailenin par\u00e7as\u0131 olman\u0131n gururunu ya\u015f\u0131yoruz.\u201d dedi.<\/p>\n<p><strong>Beyaz \u00f6nl\u00fck sadece bir k\u0131yafet de\u011fil<\/strong><\/p>\n<p>T\u0131p fak\u00fcltesine ba\u015flaman\u0131n yaln\u0131zca akademik bir s\u00fcre\u00e7 olmad\u0131\u011f\u0131n\u0131 vurgulayan Alpay, \u201cO bembeyaz \u00f6nl\u00fckleri omuzlar\u0131m\u0131za ge\u00e7irirken asl\u0131nda sadece bir \u00f6nl\u00fck giymedi\u011fimizi \u00e7ok iyi biliyorduk. O \u00f6nl\u00fck \u015fifay\u0131, umudu, merhameti ve insan hayat\u0131na duyulan derin sayg\u0131y\u0131 temsil ediyordu. Steteskoplar\u0131m\u0131z \u015fimdilik \u00e7o\u011fu zaman kendi heyecanl\u0131 kalp at\u0131\u015flar\u0131m\u0131z\u0131 dinliyor. H\u00fccrenin, dokunun ve insan bedeninin o muazzam d\u00fczenini yeni yeni ke\u015ffediyoruz. Ancak biliyoruz ki bug\u00fcn bu s\u0131ralarda \u00f6\u011frendi\u011fimiz her bilgi, yar\u0131n bir insan\u0131n hayat\u0131na dokunacakt\u0131r.\u201d ifadesinde bulundu.<\/p>\n<p><strong>14 Mart ayn\u0131 zamanda bir direni\u015fin sembol\u00fc<\/strong><\/p>\n<p>Alpay, 14 Mart\u2019\u0131n yaln\u0131zca bir kutlama g\u00fcn\u00fc olmad\u0131\u011f\u0131n\u0131 belirterek, \u201c1919 y\u0131l\u0131nda \u0130stanbul i\u015fgal alt\u0131ndayken T\u0131bbiyeli \u00f6\u011frenciler okulun iki kulesi aras\u0131na devasa bir T\u00fcrk bayra\u011f\u0131 asarak ba\u011f\u0131ms\u0131zl\u0131k ate\u015fini yakm\u0131\u015flard\u0131. T\u0131bbiyeli Hikmet Boran ve arkada\u015flar\u0131n\u0131n ortaya koydu\u011fu cesaret yaln\u0131zca bir bayrak asma eylemi de\u011fil; bilimin, \u00f6zg\u00fcrl\u00fc\u011f\u00fcn ve vatan sevgisinin g\u00fc\u00e7l\u00fc bir sembol\u00fcd\u00fcr.\u201d dedi.<\/p>\n<p><strong>T\u0131p \u00f6\u011frencisi Emre Ayd\u0131n: \u201cBeyaz \u00f6nl\u00fck yaln\u0131zca bir kuma\u015f de\u011fil, b\u00fcy\u00fck bir sorumlulu\u011fun simgesidir\u201d<\/strong><\/p>\n<p>14 Mart T\u0131p Bayram\u0131 kapsam\u0131nda d\u00fczenlenen t\u00f6rende konu\u015fan \u0130ngilizce T\u0131p 1. s\u0131n\u0131f \u00f6\u011frenci temsilcisi Emre Ayd\u0131n da hekimlik yolculu\u011funun ilk ad\u0131mlar\u0131n\u0131 atman\u0131n gururunu ya\u015fad\u0131klar\u0131n\u0131 belirterek beyaz \u00f6nl\u00fc\u011f\u00fcn sadece bir sembol de\u011fil, ayn\u0131 zamanda b\u00fcy\u00fck bir sorumlulu\u011fun ifadesi oldu\u011funu vurgulad\u0131.<\/p>\n<p>Ayd\u0131n, \u00f6\u011frencilerin bu noktaya b\u00fcy\u00fck fedak\u00e2rl\u0131klarla geldi\u011fini ifade ederek, \u201cBug\u00fcn giyece\u011fimiz bu beyaz \u00f6nl\u00fc\u011f\u00fcn her bir par\u00e7as\u0131nda ge\u00e7mi\u015fteki uykusuz gecelerimizin, verdi\u011fimiz emeklerin ve d\u00f6kt\u00fc\u011f\u00fcm\u00fcz al\u0131n terinin izleri var. Kimimiz uykusundan, kimimiz sosyal hayat\u0131ndan, kimimiz de gen\u00e7li\u011finin en g\u00fczel anlar\u0131ndan feragat ederek bu noktaya geldi.\u201d dedi.<\/p>\n<p>Konu\u015fmas\u0131nda Mustafa Kemal Atat\u00fcrk\u2019\u00fcn gen\u00e7li\u011fe verdi\u011fi \u00f6neme de de\u011finen Ayd\u0131n, \u201cB\u00fcy\u00fck \u00d6nder Mustafa Kemal Atat\u00fcrk\u2019\u00fcn a\u00e7t\u0131\u011f\u0131 yolda, g\u00f6sterdi\u011fi hedefe y\u00fcr\u00fcmeye s\u00f6z veriyoruz. \u2018B\u00fct\u00fcn \u00fcmidim gen\u00e7liktedir\u2019 s\u00f6z\u00fcne lay\u0131k bireyler olarak akl\u0131n, vicdan\u0131n ve bilimin rehberli\u011finde mesle\u011fimizi icra edece\u011fiz.\u201d ifadesinde bulundu.<\/p>\n<p><strong>\u00d6nl\u00fckler giyildi, heyecan doru\u011fa \u00e7\u0131kt\u0131<\/strong><\/p>\n<p>Konu\u015fmalar\u0131n ard\u0131ndan t\u00f6renin en \u00e7ok beklenen duygu dolu anlar\u0131na ge\u00e7ildi. T\u0131p Fak\u00fcltesi T\u00fcrk\u00e7e ve \u0130ngilizce b\u00f6l\u00fcm\u00fc 1. s\u0131n\u0131f \u00f6\u011frencileri, gruplar halinde alk\u0131\u015flar e\u015fli\u011finde sahneye davet edildi. \u00dcniversitenin sayg\u0131de\u011fer akademisyenleri ve hocalar\u0131n\u0131n ellerinden beyaz \u00f6nl\u00fcklerini giyen \u00f6\u011frenciler, kutsal hekimlik mesle\u011fine resmi olarak ilk ad\u0131mlar\u0131n\u0131 atm\u0131\u015f oldular.\u00a02025-2026\u00a0Akademik Y\u0131l\u0131 14 Mart T\u0131p Bayram\u0131 ve Beyaz \u00d6nl\u00fck Giyme T\u00f6reni, hocalar ve \u00f6nl\u00fcklerini giyen \u00f6\u011frencilerin sahnede bir araya gelerek g\u00fcn\u00fcn an\u0131s\u0131na dev bir aile foto\u011fraf\u0131 \u00e7ektirmesiyle co\u015fku i\u00e7inde sona erdi.<\/p>\n<p>\u00a0<\/p>\n<p>\u00a0<\/p>\n<p>Kaynak: (BYZHA) Beyaz Haber Ajans\u0131<\/p>\n","protected":false},"excerpt":{"rendered":"<p>\u00dcsk\u00fcdar \u00dcniversitesi T\u0131p Fak\u00fcltesi\u00a02025-2026\u00a0Akademik Y\u0131l\u0131 1.<\/p>\n","protected":false},"author":1,"featured_media":2888,"comment_status":"open","ping_status":"open","sticky":false,"template":"","format":"standard","meta":{"footnotes":""},"categories":[31],"tags":[],"class_list":["post-2887","post","type-post","status-publish","format-standard","has-post-thumbnail","hentry","category-saglik"],"_links":{"self":[{"href":"https:\/\/ekonomievreni.com\/index.php?rest_route=\/wp\/v2\/posts\/2887","targetHints":{"allow":["GET"]}}],"collection":[{"href":"https:\/\/ekonomievreni.com\/index.php?rest_route=\/wp\/v2\/posts"}],"about":[{"href":"https:\/\/ekonomievreni.com\/index.php?rest_route=\/wp\/v2\/types\/post"}],"author":[{"embeddable":true,"href":"https:\/\/ekonomievreni.com\/index.php?rest_route=\/wp\/v2\/users\/1"}],"replies":[{"embeddable":true,"href":"https:\/\/ekonomievreni.com\/index.php?rest_route=%2Fwp%2Fv2%2Fcomments&post=2887"}],"version-history":[{"count":1,"href":"https:\/\/ekonomievreni.com\/index.php?rest_route=\/wp\/v2\/posts\/2887\/revisions"}],"predecessor-version":[{"id":2889,"href":"https:\/\/ekonomievreni.com\/index.php?rest_route=\/wp\/v2\/posts\/2887\/revisions\/2889"}],"wp:featuredmedia":[{"embeddable":true,"href":"https:\/\/ekonomievreni.com\/index.php?rest_route=\/wp\/v2\/media\/2888"}],"wp:attachment":[{"href":"https:\/\/ekonomievreni.com\/index.php?rest_route=%2Fwp%2Fv2%2Fmedia&parent=2887"}],"wp:term":[{"taxonomy":"category","embeddable":true,"href":"https:\/\/ekonomievreni.com\/index.php?rest_route=%2Fwp%2Fv2%2Fcategories&post=2887"},{"taxonomy":"post_tag","embeddable":true,"href":"https:\/\/ekonomievreni.com\/index.php?rest_route=%2Fwp%2Fv2%2Ftags&post=2887"}],"curies":[{"name":"wp","href":"https:\/\/api.w.org\/{rel}","templated":true}]}}