{"id":2848,"date":"2026-03-14T02:23:33","date_gmt":"2026-03-13T23:23:33","guid":{"rendered":"https:\/\/ekonomievreni.com\/?p=2848"},"modified":"2026-03-14T02:23:34","modified_gmt":"2026-03-13T23:23:34","slug":"kolon-kanserinde-yas-siniri-giderek-dusuyor","status":"publish","type":"post","link":"https:\/\/ekonomievreni.com\/?p=2848","title":{"rendered":"Kolon kanserinde ya\u015f s\u0131n\u0131r\u0131 giderek d\u00fc\u015f\u00fcyor"},"content":{"rendered":"<p> <strong>T\u00fcm d\u00fcnyada kanserle m\u00fccadelede erken tan\u0131 ve korunma \u00e7al\u0131\u015fmalar\u0131 s\u00fcrerken kolorektal kanserin g\u00f6r\u00fclme oran\u0131 art\u0131yor. ABD\u2019de yay\u0131mlanan bir ara\u015ft\u0131rma, kolon kanserinin 50 ya\u015f alt\u0131ndaki ki\u015filerde kanser kaynakl\u0131 \u00f6l\u00fcmlerde ilk s\u0131raya y\u00fckseldi\u011fini g\u00f6steriyor. G\u00fcn\u00fcm\u00fczde 30 ve 40\u2019l\u0131 ya\u015flarda kolorektal kanser vakalar\u0131n\u0131 daha s\u0131k g\u00f6rd\u00fcklerini belirten Anadolu Sa\u011fl\u0131k Merkezi Hastanesi\u2019nden Genel Cerrahi Uzman\u0131 Prof. Dr. Vafi Atalay, \u201cNe yaz\u0131k ki vakalar art\u0131yor ve bir\u00e7ok hasta bize ge\u00e7 evrede ba\u015fvuruyor. Kolon kanserinin gen\u00e7 ya\u015flarda daha s\u0131k g\u00f6r\u00fclmesinin nedeni tam olarak bilinmese de k\u00f6t\u00fc beslenme, sigara ve alkol kullan\u0131m\u0131, hareketsiz ya\u015fam ve obezite gibi al\u0131\u015fkanl\u0131klar\u0131n risk fakt\u00f6rleri aras\u0131nda yer ald\u0131\u011f\u0131 d\u00fc\u015f\u00fcn\u00fcl\u00fcyor\u201d dedi.<\/strong><\/p>\n<p>Stresin kolon sa\u011fl\u0131\u011f\u0131 \u00fczerinde \u00f6nemli etkileri olabildi\u011fini belirten Anadolu Sa\u011fl\u0131k Merkezi Hastanesi\u2019nden Genel Cerrahi Uzman\u0131 Prof. Dr. Vafi Atalay, \u201cYo\u011fun stres ba\u011f\u0131\u015f\u0131kl\u0131k sistemini zay\u0131flatarak v\u00fccudu hastal\u0131klara kar\u015f\u0131 daha savunmas\u0131z hale getirebiliyor. Ayn\u0131 zamanda ba\u011f\u0131rsak d\u00fczenini etkileyerek ba\u011f\u0131rsak floras\u0131nda de\u011fi\u015fikliklere yol a\u00e7abiliyor ve bu durum kolon kanseri riskini art\u0131rabiliyor. \u00d6zellikle konserve ve t\u00fcts\u00fclenmi\u015f g\u0131dalar, a\u015f\u0131r\u0131 ya\u011fl\u0131 beslenme ve fazla k\u0131rm\u0131z\u0131 et t\u00fcketimi de ba\u011f\u0131rsak sa\u011fl\u0131\u011f\u0131n\u0131 olumsuz etkileyebiliyor. Bu nedenle dengeli beslenmek, sigara ve alkolden uzak durmak, d\u00fczenli hareket etmek ve stresi m\u00fcmk\u00fcn oldu\u011funca azaltmak kolon kanserine kar\u015f\u0131 al\u0131nabilecek \u00f6nemli \u00f6nlemler aras\u0131nda yer al\u0131yor\u201d dedi.<\/p>\n<p><strong>Kolon kanserlerinin y\u00fczde 90\u2019\u0131 poliplerden geli\u015fiyor<\/strong><\/p>\n<p>G\u00fcn\u00fcm\u00fczde kolon kanseri taramalar\u0131 i\u00e7in \u00f6nerilen ya\u015f\u0131n 50\u2019den 40\u2019a d\u00fc\u015ft\u00fc\u011f\u00fcn\u00fcn alt\u0131n\u0131 \u00e7izen Atalay, \u201cKolon kanserlerinin yakla\u015f\u0131k y\u00fczde 90\u2019\u0131 poliplerden geli\u015fiyor. Polipten kansere giden s\u00fcre\u00e7 genellikle 5 ila 10 y\u0131l s\u00fcrebiliyor. Bu bizim i\u00e7in \u00e7ok \u00f6nemli bir bilgi. \u00c7\u00fcnk\u00fc bir\u00e7ok kanserde hastal\u0131\u011f\u0131n nas\u0131l geli\u015fti\u011fi net olarak bilinmezken kolon kanserinde s\u00fcre\u00e7 daha \u00f6ng\u00f6r\u00fclebilir. Kolonoskopi ile erken d\u00f6nemde yap\u0131lan taramalar ve poliplerin temizlenmesi, kanser geli\u015fimini \u00f6nlemede \u00f6nemli bir f\u0131rsat sunuyor\u201d dedi.<\/p>\n<p><strong>Erken tan\u0131 ile kemoterapiye bile gerek kalmayabilir<\/strong><\/p>\n<p>Kolon kanserinde erken d\u00f6nemde genellikle belirti g\u00f6r\u00fclmedi\u011fini vurgulayan Atalay, \u201cHastalar \u00e7o\u011funlukla kar\u0131n a\u011fr\u0131s\u0131, \u015fi\u015fkinlik, makattan kanama, kilo kayb\u0131 ve kans\u0131zl\u0131k gibi \u015fik\u00e2yetlerle bize ba\u015fvuruyor. Ancak bu belirtiler ortaya \u00e7\u0131kt\u0131\u011f\u0131nda hastal\u0131k \u00e7o\u011fu zaman ilerlemi\u015f oluyor. Oysa kolon kanseri erken evrede yakaland\u0131\u011f\u0131nda tedavi ba\u015far\u0131s\u0131 olduk\u00e7a y\u00fcksek. Erken d\u00f6nemde yap\u0131lan cerrahi \u00e7o\u011fu zaman yeterli oluyor hatta kemoterapi ya da radyoterapi gibi ek tedavilere ihtiya\u00e7 duyulmayabiliyor. Ayr\u0131ca hastal\u0131ktan tamamen kurtulma ihtimali y\u00fcksek, tekrarlama riski de daha d\u00fc\u015f\u00fck seyrediyor\u201d dedi.<\/p>\n<p><strong>Mide ve pankreas kanserlerine g\u00f6re tedavide ba\u015far\u0131 oran\u0131 daha y\u00fcksek<\/strong><\/p>\n<p>Kolon kanserinde ameliyat\u0131n tedavide \u00f6nemli bir rol\u00fc oldu\u011funu dile getiren Atalay, \u201cHastal\u0131k ba\u015fka organlara yay\u0131lm\u0131\u015f olsa bile baz\u0131 hastalarda t\u00fcm\u00f6r cerrahi olarak \u00e7\u0131kar\u0131labiliyor ve bu sayede hastal\u0131ktan tamamen kurtulma \u015fans\u0131 art\u0131yor. Bu durum mide, pankreas gibi kanserler i\u00e7in ge\u00e7erli de\u011fil. Bu vesileyle \u00f6zellikle \u015funu vurgulamak isterim; kolon kanseri tedavi edilebilir bir hastal\u0131k. Ge\u00e7 evrede bile cerrahi ile tamamen iyile\u015fme sa\u011flanabilir, bu y\u00fczden hastalar\u0131n tedaviyi reddetmemesi \u00e7ok k\u0131ymetli\u201d \u015feklinde konu\u015ftu.<\/p>\n<p>\u00a0<\/p>\n<p>Kaynak: (BYZHA) Beyaz Haber Ajans\u0131<\/p>\n","protected":false},"excerpt":{"rendered":"<p>T\u00fcm d\u00fcnyada kanserle m\u00fccadelede erken tan\u0131 ve korunma \u00e7al\u0131\u015fmalar\u0131 s\u00fcrerken kolorektal kanserin g\u00f6r\u00fclme oran\u0131 art\u0131yor.<\/p>\n","protected":false},"author":1,"featured_media":2849,"comment_status":"open","ping_status":"open","sticky":false,"template":"","format":"standard","meta":{"footnotes":""},"categories":[31],"tags":[],"class_list":["post-2848","post","type-post","status-publish","format-standard","has-post-thumbnail","hentry","category-saglik"],"_links":{"self":[{"href":"https:\/\/ekonomievreni.com\/index.php?rest_route=\/wp\/v2\/posts\/2848","targetHints":{"allow":["GET"]}}],"collection":[{"href":"https:\/\/ekonomievreni.com\/index.php?rest_route=\/wp\/v2\/posts"}],"about":[{"href":"https:\/\/ekonomievreni.com\/index.php?rest_route=\/wp\/v2\/types\/post"}],"author":[{"embeddable":true,"href":"https:\/\/ekonomievreni.com\/index.php?rest_route=\/wp\/v2\/users\/1"}],"replies":[{"embeddable":true,"href":"https:\/\/ekonomievreni.com\/index.php?rest_route=%2Fwp%2Fv2%2Fcomments&post=2848"}],"version-history":[{"count":1,"href":"https:\/\/ekonomievreni.com\/index.php?rest_route=\/wp\/v2\/posts\/2848\/revisions"}],"predecessor-version":[{"id":2850,"href":"https:\/\/ekonomievreni.com\/index.php?rest_route=\/wp\/v2\/posts\/2848\/revisions\/2850"}],"wp:featuredmedia":[{"embeddable":true,"href":"https:\/\/ekonomievreni.com\/index.php?rest_route=\/wp\/v2\/media\/2849"}],"wp:attachment":[{"href":"https:\/\/ekonomievreni.com\/index.php?rest_route=%2Fwp%2Fv2%2Fmedia&parent=2848"}],"wp:term":[{"taxonomy":"category","embeddable":true,"href":"https:\/\/ekonomievreni.com\/index.php?rest_route=%2Fwp%2Fv2%2Fcategories&post=2848"},{"taxonomy":"post_tag","embeddable":true,"href":"https:\/\/ekonomievreni.com\/index.php?rest_route=%2Fwp%2Fv2%2Ftags&post=2848"}],"curies":[{"name":"wp","href":"https:\/\/api.w.org\/{rel}","templated":true}]}}