{"id":2830,"date":"2026-03-14T02:23:22","date_gmt":"2026-03-13T23:23:22","guid":{"rendered":"https:\/\/ekonomievreni.com\/?p=2830"},"modified":"2026-03-14T02:23:23","modified_gmt":"2026-03-13T23:23:23","slug":"baskan-koymenden-14-mart-kutlamasi","status":"publish","type":"post","link":"https:\/\/ekonomievreni.com\/?p=2830","title":{"rendered":"Ba\u015fkan K\u00f6ymen\u2019den \u201c14 Mart\u201d kutlamas\u0131"},"content":{"rendered":"<p> Maltepe Belediye Ba\u015fkan\u0131 Esin K\u00f6ymen, 14 Mart T\u0131p Bayram\u0131 dolay\u0131s\u0131yla, belediyeye ba\u011fl\u0131 t\u0131p merkezini ziyaret ederek doktor, hem\u015fire ve personellerin bayram\u0131n\u0131 kutlad\u0131. Personellerle tek tek ilgilenen ve taleplerini dinleyen K\u00f6ymen, \u201cSundu\u011fumuz bu hizmete verdi\u011finiz de\u011ferli katk\u0131lardan \u00f6t\u00fcr\u00fc hepinize te\u015fekk\u00fcr ediyor, T\u0131p Bayram\u0131\u2019n\u0131z\u0131 kutluyorum\u201d diye konu\u015ftu.<\/p>\n<p>Maltepe Belediye Ba\u015fkan\u0131 Esin K\u00f6ymen, 14 Mart T\u0131p Bayram\u0131 \u00f6ncesinde, K\u00fc\u00e7\u00fckyal\u0131\u2019daki belediyeye ba\u011fl\u0131 \u2018T\u0131p Merkezi\u2019ni ziyaret etti. Burada doktor, hem\u015fire ve sa\u011fl\u0131k personelleriyle bir araya gelen K\u00f6ymen, t\u0131p bayram\u0131n\u0131 kutlad\u0131. Ba\u015fkan K\u00f6ymen, \u201cSa\u011fl\u0131k alan\u0131nda ya\u015fanan problemler, bu alanda bizleri ikame etmeye zorluyor. Yerel y\u00f6netimlerin asli g\u00f6revi olmamas\u0131na ra\u011fmen, bu alanda b\u00fcy\u00fck bir bo\u015flu\u011fu dolduruyoruz. \u00c7\u00fcnk\u00fc \u015funu g\u00f6r\u00fcyoruz ki b\u00fcy\u00fck hastanelerde, acil durumlarda bile, insanlar\u0131n randevu alabilmeleri \u00e7o\u011fu zaman m\u00fcmk\u00fcn olam\u0131yor. Bu anlamda t\u0131p merkezimiz bizler i\u00e7in \u00e7ok de\u011ferli.\u201d dedi.<\/p>\n<p><b>\u201cVATANDA\u015eLARIMIZIN \u0130HT\u0130YA\u00c7LARINA CEVAP VERECE\u011e\u0130Z\u201d<\/b><\/p>\n<p>Son y\u0131llarda, sosyal devletten uzakla\u015f\u0131lan bir ortamda verilen hizmetin de\u011ferli oldu\u011funa dikkat \u00e7eken K\u00f6ymen, \u201cSundu\u011fumuz bu hizmetler, boyumuzu da a\u015fan i\u015fler ama yine de insanlar\u0131n ihtiya\u00e7lar\u0131na yan\u0131t vermek gerekiyor. Yerelde, hi\u00e7 de\u011filse biz bunlar\u0131 yapabildi\u011fimiz \u00f6l\u00e7\u00fcde yerine getirebilirsek, insanlar\u0131n hayatlar\u0131n\u0131 bir nebze olsa da kolayla\u015ft\u0131r\u0131yoruz. Sa\u011fl\u0131k hizmetlerinin \u00f6zelle\u015ftirilmesiyle birlikte vars\u0131l ve yoksul gruplar\u0131n hizmetten yararlanmalar\u0131 e\u015fit olam\u0131yor. Bu anlamda verdi\u011finiz hizmetler i\u00e7in hepinize tek tek te\u015fekk\u00fcr etmek istiyorum\u201d \u015feklinde s\u00f6zlerini s\u00fcrd\u00fcrd\u00fc.<\/p>\n<p><b>TEKNOLOJ\u0130YLE \u0130LERLEYEN MERKEZ<\/b><\/p>\n<p>Merkezle ilgili geri d\u00f6n\u00fc\u015flerin olumlu oldu\u011funa da de\u011finen Ba\u015fkan K\u00f6ymen, \u201c\u0130nsanlar belediyeyi kendi evi gibi g\u00f6r\u00fcyor ve b\u00fct\u00fcn hizmetlere eri\u015fimde her \u015feyin m\u00fckemmel olmas\u0131n\u0131 istiyor. Bu anlamda s\u0131n\u0131rlar\u0131m\u0131z\u0131 ve verilen hizmetin boyutunun ne oldu\u011funu anlatmaya \u00e7al\u0131\u015f\u0131yoruz. Ama bu bir g\u00fcven duygusudur. Bu anlamda bu g\u00fcven duygusunu olu\u015fturdu\u011funuz i\u00e7in minnettar\u0131m. Ayr\u0131ca b\u00fct\u00fcn bu cihazlar\u0131m\u0131z\u0131n yenilenmesi de i\u00e7eren teknolojinin merkezimizde kullan\u0131lmas\u0131n\u0131n hizmet sunumundaki kalite a\u00e7\u0131s\u0131ndan de\u011ferli katk\u0131lar\u0131 oldu. D\u0131\u015far\u0131da tedaviye ihtiyac\u0131 olan, kom\u015fu il\u00e7elerden gelen vatanda\u015flar\u0131m\u0131z da d\u00e2hil olmak \u00fczere, hi\u00e7birine ayr\u0131m yapmadan samimiyetle hizmet sunuldu\u011fu i\u00e7in hepinize ayr\u0131 ayr\u0131 te\u015fekk\u00fcr ediyor, tekrar bayram\u0131n\u0131z\u0131 kutluyorum\u201d diye konu\u015ftu.\u00a0<\/p>\n<p>\u00a0<\/p>\n<p>\u00a0<\/p>\n<p>Kaynak: (BYZHA) Beyaz Haber Ajans\u0131<\/p>\n","protected":false},"excerpt":{"rendered":"<p>Maltepe Belediye Ba\u015fkan\u0131 Esin K\u00f6ymen, 14 Mart T\u0131p Bayram\u0131 dolay\u0131s\u0131yla, belediyeye ba\u011fl\u0131 t\u0131p merkezini ziyaret ederek doktor, hem\u015fire ve personellerin bayram\u0131n\u0131 kutlad\u0131.<\/p>\n","protected":false},"author":1,"featured_media":2831,"comment_status":"open","ping_status":"open","sticky":false,"template":"","format":"standard","meta":{"footnotes":""},"categories":[31],"tags":[],"class_list":["post-2830","post","type-post","status-publish","format-standard","has-post-thumbnail","hentry","category-saglik"],"_links":{"self":[{"href":"https:\/\/ekonomievreni.com\/index.php?rest_route=\/wp\/v2\/posts\/2830","targetHints":{"allow":["GET"]}}],"collection":[{"href":"https:\/\/ekonomievreni.com\/index.php?rest_route=\/wp\/v2\/posts"}],"about":[{"href":"https:\/\/ekonomievreni.com\/index.php?rest_route=\/wp\/v2\/types\/post"}],"author":[{"embeddable":true,"href":"https:\/\/ekonomievreni.com\/index.php?rest_route=\/wp\/v2\/users\/1"}],"replies":[{"embeddable":true,"href":"https:\/\/ekonomievreni.com\/index.php?rest_route=%2Fwp%2Fv2%2Fcomments&post=2830"}],"version-history":[{"count":1,"href":"https:\/\/ekonomievreni.com\/index.php?rest_route=\/wp\/v2\/posts\/2830\/revisions"}],"predecessor-version":[{"id":2832,"href":"https:\/\/ekonomievreni.com\/index.php?rest_route=\/wp\/v2\/posts\/2830\/revisions\/2832"}],"wp:featuredmedia":[{"embeddable":true,"href":"https:\/\/ekonomievreni.com\/index.php?rest_route=\/wp\/v2\/media\/2831"}],"wp:attachment":[{"href":"https:\/\/ekonomievreni.com\/index.php?rest_route=%2Fwp%2Fv2%2Fmedia&parent=2830"}],"wp:term":[{"taxonomy":"category","embeddable":true,"href":"https:\/\/ekonomievreni.com\/index.php?rest_route=%2Fwp%2Fv2%2Fcategories&post=2830"},{"taxonomy":"post_tag","embeddable":true,"href":"https:\/\/ekonomievreni.com\/index.php?rest_route=%2Fwp%2Fv2%2Ftags&post=2830"}],"curies":[{"name":"wp","href":"https:\/\/api.w.org\/{rel}","templated":true}]}}