{"id":2803,"date":"2026-03-14T02:23:04","date_gmt":"2026-03-13T23:23:04","guid":{"rendered":"https:\/\/ekonomievreni.com\/?p=2803"},"modified":"2026-03-14T02:23:05","modified_gmt":"2026-03-13T23:23:05","slug":"egeli-mobilya-kagit-ve-orman-urunleri-ihracatcilari-savasa-ragmen-2026-hedeflerini-gerceklestirme-konusunda-kararli","status":"publish","type":"post","link":"https:\/\/ekonomievreni.com\/?p=2803","title":{"rendered":"Egeli mobilya, k\u00e2\u011f\u0131t ve orman \u00fcr\u00fcnleri ihracat\u00e7\u0131lar\u0131 sava\u015fa ra\u011fmen 2026 hedeflerini ger\u00e7ekle\u015ftirme konusunda kararl\u0131"},"content":{"rendered":"<p> Ege Mobilya K\u00e2\u011f\u0131t ve Ormar \u00dcr\u00fcnleri \u0130hracat\u00e7\u0131lar\u0131 Birli\u011fi, Amerika Birle\u015fik Devletleri, \u0130srail ve \u0130ran aras\u0131ndaki sava\u015fa ra\u011fmen 2026 hedeflerini ula\u015fmak i\u00e7in kararl\u0131l\u0131kla yoluna devam ediyor.<\/p>\n<p>2026 y\u0131l\u0131 i\u00e7in belirledikleri 1 milyar dolarl\u0131k ihracat hedefine ula\u015fmak i\u00e7in yo\u011fun bir i\u015f program\u0131 olu\u015fturduklar\u0131n\u0131 belirten Ege Mobilya K\u00e2\u011f\u0131t ve Ormar \u00dcr\u00fcnleri \u0130hracat\u00e7\u0131lar\u0131 Birli\u011fi Ba\u015fkan Yard\u0131mc\u0131s\u0131 Ferit Kora, T\u00fcrk ihracat\u00e7\u0131s\u0131n\u0131n t\u00fcm olumsuz ko\u015fullara kar\u015f\u0131 adapte olma kabiliyetine sahip oldu\u011funu, sava\u015f ortam\u0131nda da bu \u00f6zelli\u011finin devreye girece\u011fine inand\u0131klar\u0131n\u0131 dile getirdi.<\/p>\n<p>Ekonomi Muhabirleri Derne\u011fi \u0130zmir \u015eubesi \u00fcyeleriyle bir araya gelen Ege Mobilya K\u00e2\u011f\u0131t ve Orman \u00dcr\u00fcnleri \u0130hracat\u00e7\u0131lar\u0131 Birli\u011fi (EMKO\u00dc\u0130B) Ba\u015fkan Yard\u0131mc\u0131s\u0131 Ferit Kora, 2026 y\u0131l\u0131 i\u00e7in birli\u011fin alt sekt\u00f6rleri olan mobilya, k\u00e2\u011f\u0131t ve odund\u0131\u015f\u0131 orman \u00fcr\u00fcnleri sekt\u00f6rleri i\u00e7in k\u00fcresel pazarlama ata\u011f\u0131 ba\u015flatt\u0131klar\u0131n\u0131 ifade etti.\u00a0<\/p>\n<p>Her ay uluslararas\u0131 fuarlara milli kat\u0131l\u0131m organizasyonu, sekt\u00f6rel ticaret heyeti, al\u0131m heyeti planlad\u0131klar\u0131n\u0131 payla\u015fan Kora,<strong>\u00a0\u201c<\/strong>2026 y\u0131l\u0131 i\u00e7erisinde 3 fuarda milli kat\u0131l\u0131m organizasyonu yapaca\u011f\u0131z. Sekt\u00f6rel ticaret heyetlerimiz, tasar\u0131m yar\u0131\u015fmalar\u0131m\u0131z, UR-GE projeleri kapsam\u0131nda al\u0131m heyetlerimiz, \u00e7al\u0131\u015ftaylar\u0131m\u0131z ve panellerimiz olacak. Paper &amp; Tissue Show Abu Dhabi Fuar\u0131, Ortado\u011fu\u2019nun en b\u00fcy\u00fck fuar\u0131 konumunda. Sava\u015f nedeniyle 3-5 Haziran 2026 tarihine ertelendi. Sava\u015f\u0131n bir an \u00f6nce sona ermesini ve ticaretin kald\u0131\u011f\u0131 yerden s\u00fcrmesini diliyoruz.\u00a0<strong>5\u20137 May\u0131s 2026<\/strong>\u00a0<strong>HD Expo Las Vegas Fuar\u0131<\/strong>na, T\u00fcrkiye Milli Kat\u0131l\u0131m Organizasyonu d\u00fczenleyece\u011fiz ve mobilya ihracat\u00e7\u0131lar\u0131m\u0131z\u0131n ABD\u2019ye ihracatlar\u0131n\u0131n artmas\u0131na zemin olu\u015fturaca\u011f\u0131z. Bu y\u0131l ger\u00e7ekle\u015ftirece\u011fimiz \u00fc\u00e7\u00fcnc\u00fc fuar milli kat\u0131l\u0131m\u0131\u00a0<strong>11\u201312 Kas\u0131m 2026<\/strong>\u00a0tarihlerinde Londra\u2019da d\u00fczenlenecek Paper &amp; Tissue Show London olacak. \u201cBu y\u0131l ilk kez\u00a0<strong>Papir\u00fcs Ambalaj Tasar\u0131m Yar\u0131\u015fmas\u0131<\/strong>n\u0131 d\u00fczenleyece\u011fiz. Ayr\u0131ca k\u00e2\u011f\u0131t ve ambalaj sekt\u00f6r\u00fcnde faaliyet g\u00f6steren firmalar\u0131m\u0131z\u0131n uluslararas\u0131 pazarlardaki rekabet g\u00fcc\u00fcn\u00fc art\u0131rmak amac\u0131yla\u00a0<strong>Aegean Paper UR-GE Projesi<\/strong>ni ba\u015flataca\u011f\u0131z\u201d ifadelerini kulland\u0131.<\/p>\n<p>Ege Mobilya K\u00e2\u011f\u0131t ve Ormar \u00dcr\u00fcnleri \u0130hracat\u00e7\u0131lar\u0131 Birli\u011fi\u2019nin, \u0130zmir ekonomi bas\u0131n\u0131yla bulu\u015fmas\u0131na, EMKO\u00dc\u0130B Y\u00f6netim Kurulu \u00dcyesi \u015eeyma Ba\u015fterzi, Mobilya \u00c7al\u0131\u015fma Komitesi Ba\u015fkan\u0131 M\u00fcjdat Kemer ve Ege \u0130hracat\u00e7\u0131 Birlikleri Genel Sekreter Yard\u0131mc\u0131s\u0131 Kemal Co\u015fkun\u2019da kat\u0131ld\u0131.<\/p>\n<p>\u00a0<\/p>\n<p>Kaynak: (BYZHA) Beyaz Haber Ajans\u0131<\/p>\n","protected":false},"excerpt":{"rendered":"<p>Ege Mobilya K\u00e2\u011f\u0131t ve Ormar \u00dcr\u00fcnleri \u0130hracat\u00e7\u0131lar\u0131 Birli\u011fi, Amerika Birle\u015fik Devletleri, \u0130srail ve \u0130ran aras\u0131ndaki sava\u015fa ra\u011fmen 2026 hedeflerini ula\u015fmak i\u00e7in kararl\u0131l\u0131kla yoluna devam ediyor.<\/p>\n","protected":false},"author":1,"featured_media":2804,"comment_status":"open","ping_status":"open","sticky":false,"template":"","format":"standard","meta":{"footnotes":""},"categories":[30],"tags":[],"class_list":["post-2803","post","type-post","status-publish","format-standard","has-post-thumbnail","hentry","category-ekonomi"],"_links":{"self":[{"href":"https:\/\/ekonomievreni.com\/index.php?rest_route=\/wp\/v2\/posts\/2803","targetHints":{"allow":["GET"]}}],"collection":[{"href":"https:\/\/ekonomievreni.com\/index.php?rest_route=\/wp\/v2\/posts"}],"about":[{"href":"https:\/\/ekonomievreni.com\/index.php?rest_route=\/wp\/v2\/types\/post"}],"author":[{"embeddable":true,"href":"https:\/\/ekonomievreni.com\/index.php?rest_route=\/wp\/v2\/users\/1"}],"replies":[{"embeddable":true,"href":"https:\/\/ekonomievreni.com\/index.php?rest_route=%2Fwp%2Fv2%2Fcomments&post=2803"}],"version-history":[{"count":1,"href":"https:\/\/ekonomievreni.com\/index.php?rest_route=\/wp\/v2\/posts\/2803\/revisions"}],"predecessor-version":[{"id":2805,"href":"https:\/\/ekonomievreni.com\/index.php?rest_route=\/wp\/v2\/posts\/2803\/revisions\/2805"}],"wp:featuredmedia":[{"embeddable":true,"href":"https:\/\/ekonomievreni.com\/index.php?rest_route=\/wp\/v2\/media\/2804"}],"wp:attachment":[{"href":"https:\/\/ekonomievreni.com\/index.php?rest_route=%2Fwp%2Fv2%2Fmedia&parent=2803"}],"wp:term":[{"taxonomy":"category","embeddable":true,"href":"https:\/\/ekonomievreni.com\/index.php?rest_route=%2Fwp%2Fv2%2Fcategories&post=2803"},{"taxonomy":"post_tag","embeddable":true,"href":"https:\/\/ekonomievreni.com\/index.php?rest_route=%2Fwp%2Fv2%2Ftags&post=2803"}],"curies":[{"name":"wp","href":"https:\/\/api.w.org\/{rel}","templated":true}]}}